{"id":10027,"date":"2019-08-29T10:55:50","date_gmt":"2019-08-29T08:55:50","guid":{"rendered":"http:\/\/blog.magenarquitectos.com\/?p=10027"},"modified":"2021-06-17T09:13:46","modified_gmt":"2021-06-17T09:13:46","slug":"magen-arquitectos-disenara-la-ampliacion-del-ceip-rosales-del-canal-2","status":"publish","type":"post","link":"https:\/\/magenarquitectos.com\/en\/magen-arquitectos-disenara-la-ampliacion-del-ceip-rosales-del-canal-2\/","title":{"rendered":"Mag\u00e9n Arquitectos dise\u00f1ar\u00e1 la ampliaci\u00f3n del CEIP Rosales del Canal"},"content":{"rendered":"<p>&nbsp;<\/p>\n<p>Mag\u00e9n Arquitectos dise\u00f1ar\u00e1 la ampliaci\u00f3n del CEIP Rosales del Canal. El Centro pasar\u00e1 a ser un Centro P\u00fablico Integrado, construy\u00e9ndose un Aulario de Educaci\u00f3n Secundaria con 12 aulas y servicios anexos.<\/p>\n<p>Magen Arquitectos to\u00a0design the extension of Rosales del Canal school complex to host 12 classrooms and complementary services in a new Secondary building.<\/p>\n<p>+info: <a href=\"http:\/\/magenarquitectos.com\/c-e-i-p-rosales-del-canal\/\">CEIP Rosales del Canal<\/a>, <a href=\"http:\/\/english.magenarquitectos.com\/school-complex-rosales-del-canal\/\">School complex Rosales del Canal<\/a><\/p>\n<p><img loading=\"lazy\" class=\"alignleft size-full wp-image-10043\" src=\"https:\/\/magenarquitectos.com\/wp-content\/uploads\/2021\/06\/PG516_43.jpg\" alt=\"Magen Arquitectos Zaragoza\" width=\"1849\" height=\"1232\" title=\"\"><\/p>\n","protected":false},"excerpt":{"rendered":"<p>&nbsp; Mag\u00e9n Arquitectos dise\u00f1ar\u00e1 la ampliaci\u00f3n del CEIP Rosales del Canal. El Centro pasar\u00e1 a ser un Centro P\u00fablico Integrado, construy\u00e9ndose un Aulario de Educaci\u00f3n Secundaria con 12 aulas y servicios anexos. Magen Arquitectos to\u00a0design the extension of Rosales del Canal school complex to host 12 classrooms and complementary services in a new Secondary building. [&hellip;]<\/p>\n","protected":false},"author":1,"featured_media":0,"comment_status":"open","ping_status":"open","sticky":false,"template":"","format":"standard","meta":{"_monsterinsights_skip_tracking":false,"_monsterinsights_sitenote_active":false,"_monsterinsights_sitenote_note":"","_monsterinsights_sitenote_category":0},"categories":[202,75,65,139],"tags":[115,134,80,140,143,74],"_links":{"self":[{"href":"https:\/\/magenarquitectos.com\/en\/wp-json\/wp\/v2\/posts\/10027"}],"collection":[{"href":"https:\/\/magenarquitectos.com\/en\/wp-json\/wp\/v2\/posts"}],"about":[{"href":"https:\/\/magenarquitectos.com\/en\/wp-json\/wp\/v2\/types\/post"}],"author":[{"embeddable":true,"href":"https:\/\/magenarquitectos.com\/en\/wp-json\/wp\/v2\/users\/1"}],"replies":[{"embeddable":true,"href":"https:\/\/magenarquitectos.com\/en\/wp-json\/wp\/v2\/comments?post=10027"}],"version-history":[{"count":1,"href":"https:\/\/magenarquitectos.com\/en\/wp-json\/wp\/v2\/posts\/10027\/revisions"}],"predecessor-version":[{"id":12307,"href":"https:\/\/magenarquitectos.com\/en\/wp-json\/wp\/v2\/posts\/10027\/revisions\/12307"}],"wp:attachment":[{"href":"https:\/\/magenarquitectos.com\/en\/wp-json\/wp\/v2\/media?parent=10027"}],"wp:term":[{"taxonomy":"category","embeddable":true,"href":"https:\/\/magenarquitectos.com\/en\/wp-json\/wp\/v2\/categories?post=10027"},{"taxonomy":"post_tag","embeddable":true,"href":"https:\/\/magenarquitectos.com\/en\/wp-json\/wp\/v2\/tags?post=10027"}],"curies":[{"name":"wp","href":"https:\/\/api.w.org\/{rel}","templated":true}]}}