{"id":10057,"date":"2019-10-11T13:40:15","date_gmt":"2019-10-11T11:40:15","guid":{"rendered":"http:\/\/blog.magenarquitectos.com\/?p=10057"},"modified":"2021-06-17T09:13:46","modified_gmt":"2021-06-17T09:13:46","slug":"accesit-arquitectura-interior-xxxiv-ed-premio-fernando-garcia-mercadal","status":"publish","type":"post","link":"https:\/\/magenarquitectos.com\/en\/accesit-arquitectura-interior-xxxiv-ed-premio-fernando-garcia-mercadal\/","title":{"rendered":"Acc\u00e9sit Arquitectura Interior. XXXIV ed. Premio Fernando Garc\u00eda Mercadal"},"content":{"rendered":"<p>Con motivo del D\u00eda Mundial de la Arquitectura de 2019, celebrado el pasado lunes 7 de octubre en el Patio de la Infanta, se dieron entrega a los Premios de Arquitectura de los proyectos m\u00e1s relevantes realizados en Arag\u00f3n a lo largo de 2018, en la XXXIV edici\u00f3n de los Premios Fernando Garc\u00eda Mercadal:<\/p>\n<p>En un acto presidido por el Consejero de Educaci\u00f3n, Cultura y Deporte del Gobierno de Arag\u00f3n, Felipe Faci; y acompa\u00f1ado por el Decano del COAA, Pedro J. Navarro Trallero; el Director de la Escuela de Arquitectura y Tecnolog\u00eda de la USJ, Gabriel Marro; y la Presidenta de la Fundaci\u00f3n DFA, Marta Valencia; se otorg\u00f3 el ACC\u00c9SIT al mejor proyecto de Arquitectura Interior <strong>a\u00a0<\/strong><span id=\"gmail-m_-4574082848178297264MainContent_lblContenidoHTML\"><strong>la Nueva oficina de Arquia Banca en Zaragoza, de Mag\u00e9n Arquitectos (Jaime Mag\u00e9n Pardo y Francisco Javier Mag\u00e9n Pardo)<\/strong>, &#8220;por el tratamiento espacial de sus diferentes ambientes y la calidad, la limpieza y la precisi\u00f3n de su ejecuci\u00f3n&#8221;.<\/span><\/p>\n<p>&nbsp;<\/p>\n<p><img loading=\"lazy\" class=\"alignleft size-full wp-image-10058\" src=\"https:\/\/magenarquitectos.com\/wp-content\/uploads\/2021\/06\/OFICINAS-ARQUIA-ZARAGOZA-015.jpg\" alt=\"Mag\u00e9n Arquitectos Zaragoza \" width=\"1915\" height=\"1277\" title=\"\"><\/p>\n<p>&nbsp;<\/p>\n<p>&nbsp;<\/p>\n<p><strong style=\"font-family: inherit;\"><img loading=\"lazy\" class=\"alignleft size-full wp-image-10059\" src=\"https:\/\/magenarquitectos.com\/wp-content\/uploads\/2021\/06\/NOTICIA_17168_2019_10_8_10_27562.jpg\" alt=\"Mag\u00e9n Arquitectos Zaragoza\" width=\"2894\" height=\"2067\" title=\"\"><\/strong><\/p>\n","protected":false},"excerpt":{"rendered":"<p>Con motivo del D\u00eda Mundial de la Arquitectura de 2019, celebrado el pasado lunes 7 de octubre en el Patio de la Infanta, se dieron entrega a los Premios de Arquitectura de los proyectos m\u00e1s relevantes realizados en Arag\u00f3n a lo largo de 2018, en la XXXIV edici\u00f3n de los Premios Fernando Garc\u00eda Mercadal: En [&hellip;]<\/p>\n","protected":false},"author":1,"featured_media":0,"comment_status":"open","ping_status":"open","sticky":false,"template":"","format":"standard","meta":{"_monsterinsights_skip_tracking":false,"_monsterinsights_sitenote_active":false,"_monsterinsights_sitenote_note":"","_monsterinsights_sitenote_category":0},"categories":[86,195,202,75,213,65,204,69,113],"tags":[115,62,70,74],"_links":{"self":[{"href":"https:\/\/magenarquitectos.com\/en\/wp-json\/wp\/v2\/posts\/10057"}],"collection":[{"href":"https:\/\/magenarquitectos.com\/en\/wp-json\/wp\/v2\/posts"}],"about":[{"href":"https:\/\/magenarquitectos.com\/en\/wp-json\/wp\/v2\/types\/post"}],"author":[{"embeddable":true,"href":"https:\/\/magenarquitectos.com\/en\/wp-json\/wp\/v2\/users\/1"}],"replies":[{"embeddable":true,"href":"https:\/\/magenarquitectos.com\/en\/wp-json\/wp\/v2\/comments?post=10057"}],"version-history":[{"count":1,"href":"https:\/\/magenarquitectos.com\/en\/wp-json\/wp\/v2\/posts\/10057\/revisions"}],"predecessor-version":[{"id":12287,"href":"https:\/\/magenarquitectos.com\/en\/wp-json\/wp\/v2\/posts\/10057\/revisions\/12287"}],"wp:attachment":[{"href":"https:\/\/magenarquitectos.com\/en\/wp-json\/wp\/v2\/media?parent=10057"}],"wp:term":[{"taxonomy":"category","embeddable":true,"href":"https:\/\/magenarquitectos.com\/en\/wp-json\/wp\/v2\/categories?post=10057"},{"taxonomy":"post_tag","embeddable":true,"href":"https:\/\/magenarquitectos.com\/en\/wp-json\/wp\/v2\/tags?post=10057"}],"curies":[{"name":"wp","href":"https:\/\/api.w.org\/{rel}","templated":true}]}}