{"id":10065,"date":"2019-10-11T13:46:42","date_gmt":"2019-10-11T11:46:42","guid":{"rendered":"http:\/\/blog.magenarquitectos.com\/?p=10065"},"modified":"2021-06-17T09:13:46","modified_gmt":"2021-06-17T09:13:46","slug":"premio-fernando-garcia-mercadal-xxxiv-edicion","status":"publish","type":"post","link":"https:\/\/magenarquitectos.com\/en\/premio-fernando-garcia-mercadal-xxxiv-edicion\/","title":{"rendered":"Premio Fernando Garc\u00eda Mercadal XXXIV edici\u00f3n"},"content":{"rendered":"<p>Con motivo del D\u00eda Mundial de la Arquitectura de 2019, celebrado el pasado lunes 7 de octubre en el Patio de la Infanta, se dieron entrega a los Premios de Arquitectura de los proyectos m\u00e1s relevantes realizados en Arag\u00f3n a lo largo de 2018, en la XXXIV edici\u00f3n de los Premios Fernando Garc\u00eda Mercadal:<\/p>\n<p>En un acto presidido por el Consejero de Educaci\u00f3n, Cultura y Deporte del Gobierno de Arag\u00f3n, Felipe Faci; y acompa\u00f1ado por el Decano del COAA, Pedro J. Navarro Trallero; el Director de la Escuela de Arquitectura y Tecnolog\u00eda de la USJ, Gabriel Marro; y la Presidenta de la Fundaci\u00f3n DFA, Marta Valencia;\u00a0el jurado decidi\u00f3 conceder por unanimidad el PREMIO GARC\u00cdA MERCADAL, en su trig\u00e9simo cuarta edici\u00f3n a la obra:<\/p>\n<p><strong>Centro de Educaci\u00f3n Infantil Arcosur, en Avenida del Cierzo, s\/n de Zaragoza, de MAG\u00c9N ARQUITECTOS (Jaime Mag\u00e9n Pardo y Francisco Javier Mag\u00e9n Pardo<\/strong>) &#8220;por la precisa organizaci\u00f3n del programa, el tratamiento de los espacios de circulaci\u00f3n, capaces de generar lugares de encuentro y creando atractivas secuencias espaciales, la capacidad de manejar la doble escala del ni\u00f1o y el adulto tanto en sus espacios interiores como exteriores, y su acertado tratamiento ambiental.&#8221;<\/p>\n<p>&nbsp;<\/p>\n<p><img loading=\"lazy\" class=\"alignleft size-full wp-image-9957\" src=\"https:\/\/magenarquitectos.com\/wp-content\/uploads\/2021\/06\/02-COLEGIO-ARCOSUR-ZARAGOZA-002.jpg\" alt=\"Magen Arquitectos Zaragoza \" width=\"1181\" height=\"795\" title=\"\"><\/p>\n<p>&nbsp;<\/p>\n<p>&nbsp;<\/p>\n<p><img loading=\"lazy\" class=\"alignleft size-full wp-image-10066\" src=\"https:\/\/magenarquitectos.com\/wp-content\/uploads\/2021\/06\/NOTICIA_17168_2019_10_7_49_50372.jpg\" alt=\"Mag\u00e9n Arquitectos Zaragoza\" width=\"2894\" height=\"2067\" title=\"\"><\/p>\n","protected":false},"excerpt":{"rendered":"<p>Con motivo del D\u00eda Mundial de la Arquitectura de 2019, celebrado el pasado lunes 7 de octubre en el Patio de la Infanta, se dieron entrega a los Premios de Arquitectura de los proyectos m\u00e1s relevantes realizados en Arag\u00f3n a lo largo de 2018, en la XXXIV edici\u00f3n de los Premios Fernando Garc\u00eda Mercadal: En [&hellip;]<\/p>\n","protected":false},"author":1,"featured_media":0,"comment_status":"open","ping_status":"open","sticky":false,"template":"","format":"standard","meta":{"_monsterinsights_skip_tracking":false,"_monsterinsights_sitenote_active":false,"_monsterinsights_sitenote_note":"","_monsterinsights_sitenote_category":0},"categories":[195,202,75,65,139,204,69,113],"tags":[115,62,134,80,140,141,142,70,74],"_links":{"self":[{"href":"https:\/\/magenarquitectos.com\/en\/wp-json\/wp\/v2\/posts\/10065"}],"collection":[{"href":"https:\/\/magenarquitectos.com\/en\/wp-json\/wp\/v2\/posts"}],"about":[{"href":"https:\/\/magenarquitectos.com\/en\/wp-json\/wp\/v2\/types\/post"}],"author":[{"embeddable":true,"href":"https:\/\/magenarquitectos.com\/en\/wp-json\/wp\/v2\/users\/1"}],"replies":[{"embeddable":true,"href":"https:\/\/magenarquitectos.com\/en\/wp-json\/wp\/v2\/comments?post=10065"}],"version-history":[{"count":1,"href":"https:\/\/magenarquitectos.com\/en\/wp-json\/wp\/v2\/posts\/10065\/revisions"}],"predecessor-version":[{"id":12282,"href":"https:\/\/magenarquitectos.com\/en\/wp-json\/wp\/v2\/posts\/10065\/revisions\/12282"}],"wp:attachment":[{"href":"https:\/\/magenarquitectos.com\/en\/wp-json\/wp\/v2\/media?parent=10065"}],"wp:term":[{"taxonomy":"category","embeddable":true,"href":"https:\/\/magenarquitectos.com\/en\/wp-json\/wp\/v2\/categories?post=10065"},{"taxonomy":"post_tag","embeddable":true,"href":"https:\/\/magenarquitectos.com\/en\/wp-json\/wp\/v2\/tags?post=10065"}],"curies":[{"name":"wp","href":"https:\/\/api.w.org\/{rel}","templated":true}]}}