{"id":10071,"date":"2019-10-18T09:00:46","date_gmt":"2019-10-18T07:00:46","guid":{"rendered":"http:\/\/blog.magenarquitectos.com\/?p=10071"},"modified":"2021-06-17T09:13:46","modified_gmt":"2021-06-17T09:13:46","slug":"entrevista-en-despierta-aragon-aragon-radio","status":"publish","type":"post","link":"https:\/\/magenarquitectos.com\/en\/entrevista-en-despierta-aragon-aragon-radio\/","title":{"rendered":"Entrevista en Despierta Arag\u00f3n. Arag\u00f3n Radio"},"content":{"rendered":"<p>Entrevista a Jaime y Francisco Javier Mag\u00e9n, ganadores del XXXIV Premio Fernando Garc\u00eda Mercadal, \u00a0en el programa Despierta Arag\u00f3n, de Arag\u00f3n Radio.<\/p>\n<p><a href=\"http:\/\/www.aragonradio.es\/podcast\/emision\/somos-aragon-los-arquitectos-jaime-y-francisco-javier-magen\/\" rel=\"nofollow noopener\" target=\"_blank\"><img loading=\"lazy\" class=\"alignleft wp-image-10072 size-full\" src=\"https:\/\/magenarquitectos.com\/wp-content\/uploads\/2021\/06\/despiertablog.jpg\" alt=\"Magen Arquitectos Zaragoza\" width=\"727\" height=\"481\" title=\"\"><\/a><\/p>\n<p>&nbsp;<\/p>\n","protected":false},"excerpt":{"rendered":"<p>Entrevista a Jaime y Francisco Javier Mag\u00e9n, ganadores del XXXIV Premio Fernando Garc\u00eda Mercadal, \u00a0en el programa Despierta Arag\u00f3n, de Arag\u00f3n Radio. &nbsp;<\/p>\n","protected":false},"author":1,"featured_media":0,"comment_status":"open","ping_status":"open","sticky":false,"template":"","format":"standard","meta":{"_monsterinsights_skip_tracking":false,"_monsterinsights_sitenote_active":false,"_monsterinsights_sitenote_note":"","_monsterinsights_sitenote_category":0},"categories":[65,139,90,146],"tags":[115,74],"_links":{"self":[{"href":"https:\/\/magenarquitectos.com\/en\/wp-json\/wp\/v2\/posts\/10071"}],"collection":[{"href":"https:\/\/magenarquitectos.com\/en\/wp-json\/wp\/v2\/posts"}],"about":[{"href":"https:\/\/magenarquitectos.com\/en\/wp-json\/wp\/v2\/types\/post"}],"author":[{"embeddable":true,"href":"https:\/\/magenarquitectos.com\/en\/wp-json\/wp\/v2\/users\/1"}],"replies":[{"embeddable":true,"href":"https:\/\/magenarquitectos.com\/en\/wp-json\/wp\/v2\/comments?post=10071"}],"version-history":[{"count":1,"href":"https:\/\/magenarquitectos.com\/en\/wp-json\/wp\/v2\/posts\/10071\/revisions"}],"predecessor-version":[{"id":12277,"href":"https:\/\/magenarquitectos.com\/en\/wp-json\/wp\/v2\/posts\/10071\/revisions\/12277"}],"wp:attachment":[{"href":"https:\/\/magenarquitectos.com\/en\/wp-json\/wp\/v2\/media?parent=10071"}],"wp:term":[{"taxonomy":"category","embeddable":true,"href":"https:\/\/magenarquitectos.com\/en\/wp-json\/wp\/v2\/categories?post=10071"},{"taxonomy":"post_tag","embeddable":true,"href":"https:\/\/magenarquitectos.com\/en\/wp-json\/wp\/v2\/tags?post=10071"}],"curies":[{"name":"wp","href":"https:\/\/api.w.org\/{rel}","templated":true}]}}