{"id":10075,"date":"2019-10-21T09:00:15","date_gmt":"2019-10-21T07:00:15","guid":{"rendered":"http:\/\/blog.magenarquitectos.com\/?p=10075"},"modified":"2021-06-17T09:13:46","modified_gmt":"2021-06-17T09:13:46","slug":"entrevista-en-heraldo-de-aragon","status":"publish","type":"post","link":"https:\/\/magenarquitectos.com\/en\/entrevista-en-heraldo-de-aragon\/","title":{"rendered":"Entrevista en Heraldo de Arag\u00f3n"},"content":{"rendered":"<p>Entrevista de \u00d3scar Nieto a Jaime y Francisco Javier Mag\u00e9n, ganadores del XXXIV Premio Fernando Garc\u00eda Mercadal, \u00a0en el\u00a0Heraldo de Arag\u00f3n.<\/p>\n<p><img loading=\"lazy\" class=\"alignleft size-full wp-image-10076\" src=\"https:\/\/magenarquitectos.com\/wp-content\/uploads\/2021\/06\/191014_z0_HA_dom13_P44.jpg\" alt=\"Magen Arquitectos Zaragoza\" width=\"1370\" height=\"1754\" title=\"\"><\/p>\n","protected":false},"excerpt":{"rendered":"<p>Entrevista de \u00d3scar Nieto a Jaime y Francisco Javier Mag\u00e9n, ganadores del XXXIV Premio Fernando Garc\u00eda Mercadal, \u00a0en el\u00a0Heraldo de Arag\u00f3n.<\/p>\n","protected":false},"author":1,"featured_media":0,"comment_status":"open","ping_status":"open","sticky":false,"template":"","format":"standard","meta":{"_monsterinsights_skip_tracking":false,"_monsterinsights_sitenote_active":false,"_monsterinsights_sitenote_note":"","_monsterinsights_sitenote_category":0},"categories":[90,194],"tags":[115,74],"_links":{"self":[{"href":"https:\/\/magenarquitectos.com\/en\/wp-json\/wp\/v2\/posts\/10075"}],"collection":[{"href":"https:\/\/magenarquitectos.com\/en\/wp-json\/wp\/v2\/posts"}],"about":[{"href":"https:\/\/magenarquitectos.com\/en\/wp-json\/wp\/v2\/types\/post"}],"author":[{"embeddable":true,"href":"https:\/\/magenarquitectos.com\/en\/wp-json\/wp\/v2\/users\/1"}],"replies":[{"embeddable":true,"href":"https:\/\/magenarquitectos.com\/en\/wp-json\/wp\/v2\/comments?post=10075"}],"version-history":[{"count":1,"href":"https:\/\/magenarquitectos.com\/en\/wp-json\/wp\/v2\/posts\/10075\/revisions"}],"predecessor-version":[{"id":12274,"href":"https:\/\/magenarquitectos.com\/en\/wp-json\/wp\/v2\/posts\/10075\/revisions\/12274"}],"wp:attachment":[{"href":"https:\/\/magenarquitectos.com\/en\/wp-json\/wp\/v2\/media?parent=10075"}],"wp:term":[{"taxonomy":"category","embeddable":true,"href":"https:\/\/magenarquitectos.com\/en\/wp-json\/wp\/v2\/categories?post=10075"},{"taxonomy":"post_tag","embeddable":true,"href":"https:\/\/magenarquitectos.com\/en\/wp-json\/wp\/v2\/tags?post=10075"}],"curies":[{"name":"wp","href":"https:\/\/api.w.org\/{rel}","templated":true}]}}