{"id":10078,"date":"2019-10-22T20:15:21","date_gmt":"2019-10-22T18:15:21","guid":{"rendered":"http:\/\/blog.magenarquitectos.com\/?p=10078"},"modified":"2021-06-17T09:13:46","modified_gmt":"2021-06-17T09:13:46","slug":"no-hay-barrio-pero-hay-ninos-articulo-de-anatxu-zabalbeacoa-sobre-el-centro-arcosur-de-zaragoza","status":"publish","type":"post","link":"https:\/\/magenarquitectos.com\/en\/no-hay-barrio-pero-hay-ninos-articulo-de-anatxu-zabalbeacoa-sobre-el-centro-arcosur-de-zaragoza\/","title":{"rendered":"&#8220;No hay barrio, pero hay ni\u00f1os&#8221;: art\u00edculo de Anatxu Zabalbeascoa sobre el Centro Arcosur de Zaragoza"},"content":{"rendered":"<p>Art\u00edculo de Anatxu Zabalbeascoa sobre el Centro de Educaci\u00f3n Infantil Arcosur en Zaragoza, publicado en el blog de arquitectura <em>Del tirador a la ciudad<\/em> de El Pa\u00eds.<\/p>\n<p><a href=\"https:\/\/elpais.com\/elpais\/2019\/09\/12\/del_tirador_a_la_ciudad\/1568287802_183476.html\" rel=\"nofollow noopener\" target=\"_blank\">https:\/\/elpais.com\/elpais\/2019\/09\/12\/del_tirador_a_la_ciudad\/1568287802_183476.html<\/a><\/p>\n<p><img loading=\"lazy\" class=\"alignleft size-full wp-image-10079\" src=\"https:\/\/magenarquitectos.com\/wp-content\/uploads\/2021\/06\/AZ-arcosur.jpg\" alt=\"Mag\u00e9n Arquitectos Zaragoza\" width=\"1090\" height=\"950\" title=\"\"><\/p>\n<p>&nbsp;<\/p>\n","protected":false},"excerpt":{"rendered":"<p>Art\u00edculo de Anatxu Zabalbeascoa sobre el Centro de Educaci\u00f3n Infantil Arcosur en Zaragoza, publicado en el blog de arquitectura Del tirador a la ciudad de El Pa\u00eds. https:\/\/elpais.com\/elpais\/2019\/09\/12\/del_tirador_a_la_ciudad\/1568287802_183476.html &nbsp;<\/p>\n","protected":false},"author":1,"featured_media":0,"comment_status":"open","ping_status":"open","sticky":false,"template":"","format":"standard","meta":{"_monsterinsights_skip_tracking":false,"_monsterinsights_sitenote_active":false,"_monsterinsights_sitenote_note":"","_monsterinsights_sitenote_category":0},"categories":[195,65,139,204,69,113,90,194],"tags":[115,80,140,141,142,74],"_links":{"self":[{"href":"https:\/\/magenarquitectos.com\/en\/wp-json\/wp\/v2\/posts\/10078"}],"collection":[{"href":"https:\/\/magenarquitectos.com\/en\/wp-json\/wp\/v2\/posts"}],"about":[{"href":"https:\/\/magenarquitectos.com\/en\/wp-json\/wp\/v2\/types\/post"}],"author":[{"embeddable":true,"href":"https:\/\/magenarquitectos.com\/en\/wp-json\/wp\/v2\/users\/1"}],"replies":[{"embeddable":true,"href":"https:\/\/magenarquitectos.com\/en\/wp-json\/wp\/v2\/comments?post=10078"}],"version-history":[{"count":1,"href":"https:\/\/magenarquitectos.com\/en\/wp-json\/wp\/v2\/posts\/10078\/revisions"}],"predecessor-version":[{"id":12271,"href":"https:\/\/magenarquitectos.com\/en\/wp-json\/wp\/v2\/posts\/10078\/revisions\/12271"}],"wp:attachment":[{"href":"https:\/\/magenarquitectos.com\/en\/wp-json\/wp\/v2\/media?parent=10078"}],"wp:term":[{"taxonomy":"category","embeddable":true,"href":"https:\/\/magenarquitectos.com\/en\/wp-json\/wp\/v2\/categories?post=10078"},{"taxonomy":"post_tag","embeddable":true,"href":"https:\/\/magenarquitectos.com\/en\/wp-json\/wp\/v2\/tags?post=10078"}],"curies":[{"name":"wp","href":"https:\/\/api.w.org\/{rel}","templated":true}]}}