{"id":10094,"date":"2019-11-27T09:09:39","date_gmt":"2019-11-27T08:09:39","guid":{"rendered":"http:\/\/blog.magenarquitectos.com\/?p=10094"},"modified":"2021-06-17T09:13:46","modified_gmt":"2021-06-17T09:13:46","slug":"magen-arquitectos-disenara-el-ceip-parque-venecia-ii","status":"publish","type":"post","link":"https:\/\/magenarquitectos.com\/en\/magen-arquitectos-disenara-el-ceip-parque-venecia-ii\/","title":{"rendered":"Mag\u00e9n Arquitectos dise\u00f1ar\u00e1 el CEIP Parque Venecia II"},"content":{"rendered":"<p>Mag\u00e9n Arquitectos dise\u00f1ar\u00e1 el CEIP Parque Venecia II. El Centro contar\u00e1 con 9 aulas de Educaci\u00f3n Infantil y 18 de Educaci\u00f3n Primaria, m\u00e1s servicios anexos.<\/p>\n<p>Magen Arquitectos to\u00a0design the new Parque Venecia IIl school complex to host a\u00a09-unit kindergarten and 18\u00a0classrooms in a Primary School with complementary services.<\/p>\n<p><img loading=\"lazy\" class=\"alignleft size-full wp-image-10103\" src=\"https:\/\/magenarquitectos.com\/wp-content\/uploads\/2021\/06\/cid_43027D18B74842B78081ACE8F51A6F3C@USUARIOPC.jpg\" alt=\"Modelo\" width=\"3309\" height=\"2339\" title=\"\"><\/p>\n","protected":false},"excerpt":{"rendered":"<p>Mag\u00e9n Arquitectos dise\u00f1ar\u00e1 el CEIP Parque Venecia II. El Centro contar\u00e1 con 9 aulas de Educaci\u00f3n Infantil y 18 de Educaci\u00f3n Primaria, m\u00e1s servicios anexos. Magen Arquitectos to\u00a0design the new Parque Venecia IIl school complex to host a\u00a09-unit kindergarten and 18\u00a0classrooms in a Primary School with complementary services.<\/p>\n","protected":false},"author":1,"featured_media":0,"comment_status":"open","ping_status":"open","sticky":false,"template":"","format":"standard","meta":{"_monsterinsights_skip_tracking":false,"_monsterinsights_sitenote_active":false,"_monsterinsights_sitenote_note":"","_monsterinsights_sitenote_category":0},"categories":[202,75,65,139],"tags":[115,134,80,140,141,142,176,74],"_links":{"self":[{"href":"https:\/\/magenarquitectos.com\/en\/wp-json\/wp\/v2\/posts\/10094"}],"collection":[{"href":"https:\/\/magenarquitectos.com\/en\/wp-json\/wp\/v2\/posts"}],"about":[{"href":"https:\/\/magenarquitectos.com\/en\/wp-json\/wp\/v2\/types\/post"}],"author":[{"embeddable":true,"href":"https:\/\/magenarquitectos.com\/en\/wp-json\/wp\/v2\/users\/1"}],"replies":[{"embeddable":true,"href":"https:\/\/magenarquitectos.com\/en\/wp-json\/wp\/v2\/comments?post=10094"}],"version-history":[{"count":1,"href":"https:\/\/magenarquitectos.com\/en\/wp-json\/wp\/v2\/posts\/10094\/revisions"}],"predecessor-version":[{"id":12262,"href":"https:\/\/magenarquitectos.com\/en\/wp-json\/wp\/v2\/posts\/10094\/revisions\/12262"}],"wp:attachment":[{"href":"https:\/\/magenarquitectos.com\/en\/wp-json\/wp\/v2\/media?parent=10094"}],"wp:term":[{"taxonomy":"category","embeddable":true,"href":"https:\/\/magenarquitectos.com\/en\/wp-json\/wp\/v2\/categories?post=10094"},{"taxonomy":"post_tag","embeddable":true,"href":"https:\/\/magenarquitectos.com\/en\/wp-json\/wp\/v2\/tags?post=10094"}],"curies":[{"name":"wp","href":"https:\/\/api.w.org\/{rel}","templated":true}]}}