{"id":10107,"date":"2019-12-20T09:00:44","date_gmt":"2019-12-20T08:00:44","guid":{"rendered":"http:\/\/blog.magenarquitectos.com\/?p=10107"},"modified":"2021-06-17T09:13:46","modified_gmt":"2021-06-17T09:13:46","slug":"magen-arquitectos-disenara-el-cip-arcosur-ii","status":"publish","type":"post","link":"https:\/\/magenarquitectos.com\/en\/magen-arquitectos-disenara-el-cip-arcosur-ii\/","title":{"rendered":"Mag\u00e9n Arquitectos dise\u00f1ar\u00e1 el CIP Arcosur II"},"content":{"rendered":"<p>Mag\u00e9n Arquitectos dise\u00f1ar\u00e1 el CIP Arcosur II. El Centro contar\u00e1 con 9 aulas de Educaci\u00f3n Infantil, 18 de Educaci\u00f3n Primaria y 12 de Educaci\u00f3n Secundaria, m\u00e1s servicios anexos.<\/p>\n<p>Magen Arquitectos to\u00a0design the new Arcosur\u00a0II school complex to host a\u00a09-unit kindergarten, 18\u00a0classrooms in a Primary School and 12 c\u00f1assrooms in a Secondary Schooll with complementary services.<\/p>\n<p><img loading=\"lazy\" class=\"alignleft size-full wp-image-10108\" src=\"https:\/\/magenarquitectos.com\/wp-content\/uploads\/2021\/06\/blog_ARCOSUR2.jpg\" alt=\"blog_ARCOSUR2\" width=\"1584\" height=\"1226\" title=\"\"><\/p>\n","protected":false},"excerpt":{"rendered":"<p>Mag\u00e9n Arquitectos dise\u00f1ar\u00e1 el CIP Arcosur II. El Centro contar\u00e1 con 9 aulas de Educaci\u00f3n Infantil, 18 de Educaci\u00f3n Primaria y 12 de Educaci\u00f3n Secundaria, m\u00e1s servicios anexos. Magen Arquitectos to\u00a0design the new Arcosur\u00a0II school complex to host a\u00a09-unit kindergarten, 18\u00a0classrooms in a Primary School and 12 c\u00f1assrooms in a Secondary Schooll with complementary services.<\/p>\n","protected":false},"author":1,"featured_media":0,"comment_status":"open","ping_status":"open","sticky":false,"template":"","format":"standard","meta":{"_monsterinsights_skip_tracking":false,"_monsterinsights_sitenote_active":false,"_monsterinsights_sitenote_note":"","_monsterinsights_sitenote_category":0},"categories":[202,75,65,139],"tags":[222,115,134,80,140,141,142,74],"_links":{"self":[{"href":"https:\/\/magenarquitectos.com\/en\/wp-json\/wp\/v2\/posts\/10107"}],"collection":[{"href":"https:\/\/magenarquitectos.com\/en\/wp-json\/wp\/v2\/posts"}],"about":[{"href":"https:\/\/magenarquitectos.com\/en\/wp-json\/wp\/v2\/types\/post"}],"author":[{"embeddable":true,"href":"https:\/\/magenarquitectos.com\/en\/wp-json\/wp\/v2\/users\/1"}],"replies":[{"embeddable":true,"href":"https:\/\/magenarquitectos.com\/en\/wp-json\/wp\/v2\/comments?post=10107"}],"version-history":[{"count":1,"href":"https:\/\/magenarquitectos.com\/en\/wp-json\/wp\/v2\/posts\/10107\/revisions"}],"predecessor-version":[{"id":12251,"href":"https:\/\/magenarquitectos.com\/en\/wp-json\/wp\/v2\/posts\/10107\/revisions\/12251"}],"wp:attachment":[{"href":"https:\/\/magenarquitectos.com\/en\/wp-json\/wp\/v2\/media?parent=10107"}],"wp:term":[{"taxonomy":"category","embeddable":true,"href":"https:\/\/magenarquitectos.com\/en\/wp-json\/wp\/v2\/categories?post=10107"},{"taxonomy":"post_tag","embeddable":true,"href":"https:\/\/magenarquitectos.com\/en\/wp-json\/wp\/v2\/tags?post=10107"}],"curies":[{"name":"wp","href":"https:\/\/api.w.org\/{rel}","templated":true}]}}