{"id":10110,"date":"2019-12-20T13:29:59","date_gmt":"2019-12-20T12:29:59","guid":{"rendered":"http:\/\/blog.magenarquitectos.com\/?p=10110"},"modified":"2021-06-17T09:13:46","modified_gmt":"2021-06-17T09:13:46","slug":"feliz-navidad-merry-christmas-4","status":"publish","type":"post","link":"https:\/\/magenarquitectos.com\/en\/feliz-navidad-merry-christmas-4\/","title":{"rendered":"Feliz Navidad &#8211; Merry Christmas"},"content":{"rendered":"<p><img loading=\"lazy\" class=\"alignleft size-full wp-image-10111\" src=\"https:\/\/magenarquitectos.com\/wp-content\/uploads\/2021\/06\/01-xmas-magen2020.jpg\" alt=\"01-xmas-magen2020\" width=\"2362\" height=\"1575\" title=\"\"><\/p>\n<p>Mag\u00e9n Arquitectos os desea una Feliz Navidad y un pr\u00f3spero A\u00f1o 2020.<\/p>\n<p>Mag\u00e9n Architects wishes you a Merry Christmas and a Happy New Year 2020.<\/p>\n","protected":false},"excerpt":{"rendered":"<p>Mag\u00e9n Arquitectos os desea una Feliz Navidad y un pr\u00f3spero A\u00f1o 2020. Mag\u00e9n Architects wishes you a Merry Christmas and a Happy New Year 2020.<\/p>\n","protected":false},"author":1,"featured_media":0,"comment_status":"open","ping_status":"open","sticky":false,"template":"","format":"standard","meta":{"_monsterinsights_skip_tracking":false,"_monsterinsights_sitenote_active":false,"_monsterinsights_sitenote_note":"","_monsterinsights_sitenote_category":0},"categories":[86,195,175,202,75,196,76,212,213,164,77,78,97,65,66,67,139,223,132,204,69,125,130,217,113,90,194,92,131,165,146,95,117],"tags":[115,74],"_links":{"self":[{"href":"https:\/\/magenarquitectos.com\/en\/wp-json\/wp\/v2\/posts\/10110"}],"collection":[{"href":"https:\/\/magenarquitectos.com\/en\/wp-json\/wp\/v2\/posts"}],"about":[{"href":"https:\/\/magenarquitectos.com\/en\/wp-json\/wp\/v2\/types\/post"}],"author":[{"embeddable":true,"href":"https:\/\/magenarquitectos.com\/en\/wp-json\/wp\/v2\/users\/1"}],"replies":[{"embeddable":true,"href":"https:\/\/magenarquitectos.com\/en\/wp-json\/wp\/v2\/comments?post=10110"}],"version-history":[{"count":1,"href":"https:\/\/magenarquitectos.com\/en\/wp-json\/wp\/v2\/posts\/10110\/revisions"}],"predecessor-version":[{"id":12248,"href":"https:\/\/magenarquitectos.com\/en\/wp-json\/wp\/v2\/posts\/10110\/revisions\/12248"}],"wp:attachment":[{"href":"https:\/\/magenarquitectos.com\/en\/wp-json\/wp\/v2\/media?parent=10110"}],"wp:term":[{"taxonomy":"category","embeddable":true,"href":"https:\/\/magenarquitectos.com\/en\/wp-json\/wp\/v2\/categories?post=10110"},{"taxonomy":"post_tag","embeddable":true,"href":"https:\/\/magenarquitectos.com\/en\/wp-json\/wp\/v2\/tags?post=10110"}],"curies":[{"name":"wp","href":"https:\/\/api.w.org\/{rel}","templated":true}]}}