{"id":10115,"date":"2019-12-26T12:00:53","date_gmt":"2019-12-26T11:00:53","guid":{"rendered":"http:\/\/blog.magenarquitectos.com\/?p=10115"},"modified":"2021-06-17T09:13:46","modified_gmt":"2021-06-17T09:13:46","slug":"finalizadas-las-obras-de-la-rehabilitacion-de-los-juzgados-de-zaragoza-de-alejandro-de-la-sota-2","status":"publish","type":"post","link":"https:\/\/magenarquitectos.com\/en\/finalizadas-las-obras-de-la-rehabilitacion-de-los-juzgados-de-zaragoza-de-alejandro-de-la-sota-2\/","title":{"rendered":"Finalizadas las obras de la Rehabilitaci\u00f3n de los Juzgados de Zaragoza, de Alejandro de la Sota"},"content":{"rendered":"<p>Mag\u00e9n Arquitectos ha finalizado la Rehabilitaci\u00f3n de los Juzgados de Zaragoza, de Alejandro de la Sota, que albergar\u00e1 el Departamento de Ciudadan\u00eda y Derechos Sociales y el Instituto Aragon\u00e9s de Servicios Sociales, del Gobierno de Arag\u00f3n .<\/p>\n<p><img loading=\"lazy\" class=\"alignleft size-full wp-image-10116\" src=\"https:\/\/magenarquitectos.com\/wp-content\/uploads\/2021\/06\/JUZGADOS-004.jpg\" alt=\"JUZGADOS-004\" width=\"2300\" height=\"1533\" title=\"\"><\/p>\n<p>+info: <a href=\"http:\/\/magenarquitectos.com\/rehabilitacion-de-los-juzgados-de-sota-zaragoza\/\">Rehabilitaci\u00f3n de los Juzgados de Sota<\/a>, <a href=\"http:\/\/english.magenarquitectos.com\/renovation-of-courthouse-by-alejandro-de-la-sota-zaragoza\/\">Renovation of Courthouse by Alejandro de la Sota<\/a><\/p>\n","protected":false},"excerpt":{"rendered":"<p>Mag\u00e9n Arquitectos ha finalizado la Rehabilitaci\u00f3n de los Juzgados de Zaragoza, de Alejandro de la Sota, que albergar\u00e1 el Departamento de Ciudadan\u00eda y Derechos Sociales y el Instituto Aragon\u00e9s de Servicios Sociales, del Gobierno de Arag\u00f3n . +info: Rehabilitaci\u00f3n de los Juzgados de Sota, Renovation of Courthouse by Alejandro de la Sota<\/p>\n","protected":false},"author":1,"featured_media":0,"comment_status":"open","ping_status":"open","sticky":false,"template":"","format":"standard","meta":{"_monsterinsights_skip_tracking":false,"_monsterinsights_sitenote_active":false,"_monsterinsights_sitenote_note":"","_monsterinsights_sitenote_category":0},"categories":[77,65],"tags":[100,115,93,94,74],"_links":{"self":[{"href":"https:\/\/magenarquitectos.com\/en\/wp-json\/wp\/v2\/posts\/10115"}],"collection":[{"href":"https:\/\/magenarquitectos.com\/en\/wp-json\/wp\/v2\/posts"}],"about":[{"href":"https:\/\/magenarquitectos.com\/en\/wp-json\/wp\/v2\/types\/post"}],"author":[{"embeddable":true,"href":"https:\/\/magenarquitectos.com\/en\/wp-json\/wp\/v2\/users\/1"}],"replies":[{"embeddable":true,"href":"https:\/\/magenarquitectos.com\/en\/wp-json\/wp\/v2\/comments?post=10115"}],"version-history":[{"count":1,"href":"https:\/\/magenarquitectos.com\/en\/wp-json\/wp\/v2\/posts\/10115\/revisions"}],"predecessor-version":[{"id":12245,"href":"https:\/\/magenarquitectos.com\/en\/wp-json\/wp\/v2\/posts\/10115\/revisions\/12245"}],"wp:attachment":[{"href":"https:\/\/magenarquitectos.com\/en\/wp-json\/wp\/v2\/media?parent=10115"}],"wp:term":[{"taxonomy":"category","embeddable":true,"href":"https:\/\/magenarquitectos.com\/en\/wp-json\/wp\/v2\/categories?post=10115"},{"taxonomy":"post_tag","embeddable":true,"href":"https:\/\/magenarquitectos.com\/en\/wp-json\/wp\/v2\/tags?post=10115"}],"curies":[{"name":"wp","href":"https:\/\/api.w.org\/{rel}","templated":true}]}}