{"id":10118,"date":"2020-01-02T12:58:15","date_gmt":"2020-01-02T11:58:15","guid":{"rendered":"http:\/\/blog.magenarquitectos.com\/?p=10118"},"modified":"2021-06-17T09:13:46","modified_gmt":"2021-06-17T09:13:46","slug":"2019-resumen-grafico","status":"publish","type":"post","link":"https:\/\/magenarquitectos.com\/en\/2019-resumen-grafico\/","title":{"rendered":"2019. Resumen gr\u00e1fico"},"content":{"rendered":"<p><img loading=\"lazy\" class=\"alignleft size-full wp-image-10119\" src=\"https:\/\/magenarquitectos.com\/wp-content\/uploads\/2021\/06\/2019_res.jpg\" alt=\"2019_res\" width=\"1667\" height=\"1499\" title=\"\"><strong>(1)<\/strong>\u00a0La oficina\u00a0<a href=\"http:\/\/magenarquitectos.com\/arquia-banca-zaragoza\/\">Arquia Banca en Zaragoza<\/a>\u00a0obtiene el XL Trofeo Ricardo Magdalena <a href=\"http:\/\/blog.magenarquitectos.com\/2019\/12\/11\/la-oficina-de-arquia-banca-en-zaragoza-ha-ganado-la-xl-edicion-del-trofeo-ricardo-magdalena\/\">[ir]<\/a>\/ <a href=\"http:\/\/english.magenarquitectos.com\/arquia-banca-zaragoza\/\">Arquia Banca in Zaragoza<\/a>\u00a0office receives Ricardo Magdalena Award <a href=\"http:\/\/blog.magenarquitectos.com\/2019\/12\/11\/la-oficina-de-arquia-banca-en-zaragoza-ha-ganado-la-xl-edicion-del-trofeo-ricardo-magdalena\/\">[go]<\/a><\/p>\n<p><strong>(2)<\/strong>\u00a0Mag\u00e9n Arquitectos desarrolla un <a href=\"http:\/\/magenarquitectos.com\/51-viviendas-en-zaragoza\/\">edificio de 51 viviendas en la calle Franco y L\u00f3pez<\/a> de Zaragoza <a href=\"http:\/\/blog.magenarquitectos.com\/2019\/07\/17\/edificio-de-51-viviendas-garajes-y-trasteros-zaragoza\/\">[ir]<\/a>\u00a0\/\u00a0Magen Arquitectos is designing a <a href=\"http:\/\/english.magenarquitectos.com\/51-housing-in-zaragoza\/\">residential building in Franco y Lopez street<\/a> in Zaragoza <a href=\"http:\/\/blog.magenarquitectos.com\/2019\/07\/17\/edificio-de-51-viviendas-garajes-y-trasteros-zaragoza\/\">[go]<\/a><\/p>\n<p><strong>(3)<\/strong> En construcci\u00f3n: <a href=\"http:\/\/magenarquitectos.com\/bar-restaurante-estadio-miralbueno-el-olivar\/\">Pabell\u00f3n Bar-restaurante Estadio Miralbueno El Olivar<\/a>\u00a0\/ In progress: <a href=\"http:\/\/english.magenarquitectos.com\/olivar-clubhose-pavillion\/\">El Olivar clubhouse pavillion<\/a><\/p>\n<p><strong>(4)<\/strong>\u00a0Finalizadas las obras de rehabilitaci\u00f3n de los <a href=\"http:\/\/magenarquitectos.com\/rehabilitacion-de-los-juzgados-de-sota-zaragoza\/\">Juzgados de Alejandro de la Sota en Zaragoza<\/a>\u00a0<a href=\"http:\/\/blog.magenarquitectos.com\/2019\/12\/27\/finalizadas-las-obras-de-la-rehabilitacion-de-los-juzgados-de-zaragoza-de-alejandro-de-la-sota-2\">[ir]<\/a> \/ Finished renovation works in <a href=\"http:\/\/english.magenarquitectos.com\/renovation-of-courthouse-by-alejandro-de-la-sota-zaragoza\/\">Law Courts by Alejandro de la Sota in Zaragoza<\/a>\u00a0<a href=\"http:\/\/blog.magenarquitectos.com\/2019\/12\/27\/finalizadas-las-obras-de-la-rehabilitacion-de-los-juzgados-de-zaragoza-de-alejandro-de-la-sota-2\">[go]<\/a><\/p>\n<p><strong>(5)<\/strong> <a href=\"http:\/\/magenarquitectos.com\/c-e-i-arcosur\/\">Escuela Infantil Arcosur<\/a>\u00a0publicada en el Anuario Espa\u00f1a 2019 de Arquitectura Viva\u00a0<a href=\"http:\/\/blog.magenarquitectos.com\/2019\/05\/17\/el-centro-de-educacion-infantil-arcosur-en-el-anuario-espana-2019-de-arquitectura-viva\/\">[ir]<\/a> \/ <a href=\"http:\/\/english.magenarquitectos.com\/kindergarten-arcosur\/\">Kindergarten Arcosur<\/a>\u00a0published in 2019 Spain Yearbook by Arquitectura Viva\u00a0<a href=\"http:\/\/blog.magenarquitectos.com\/2019\/05\/17\/el-centro-de-educacion-infantil-arcosur-en-el-anuario-espana-2019-de-arquitectura-viva\/\">[go]<\/a><\/p>\n<p><strong>(6)<\/strong> Concurso para una Escuela Infantil en Remshalden. Tercer Premio\u00a0<a href=\"http:\/\/blog.magenarquitectos.com\/2019\/03\/26\/competition-for-a-new-nursery-in-remshalden-germany-3rd-prize\/\">[ir]<\/a> \/ Competition for a Nursery in Remshalden. Third Prize.\u00a0<a href=\"http:\/\/blog.magenarquitectos.com\/2019\/03\/26\/competition-for-a-new-nursery-in-remshalden-germany-3rd-prize\/\">[go]<\/a><\/p>\n<p><strong>(7)<\/strong>\u00a0Mag\u00e9n Arquitectos dise\u00f1ar\u00e1 los CIP Ana Mar\u00eda Naval\u00e9s <a href=\"http:\/\/blog.magenarquitectos.com\/2019\/12\/20\/magen-arquitectos-disenara-el-cip-arcosur-ii\/\">[ir]<\/a> y CEIP Mar\u00eda Zambrano <a href=\"http:\/\/blog.magenarquitectos.com\/2019\/11\/27\/magen-arquitectos-disenara-el-ceip-parque-venecia-ii\/\">[ir]<\/a>\u00a0\/\u00a0Magen Arquitectos to design CIP Ana Maria Navales <a href=\"http:\/\/blog.magenarquitectos.com\/2019\/12\/20\/magen-arquitectos-disenara-el-cip-arcosur-ii\/\">[go]<\/a> and CEIP Maria Zambrano <a href=\"http:\/\/blog.magenarquitectos.com\/2019\/11\/27\/magen-arquitectos-disenara-el-ceip-parque-venecia-ii\/\">[go]<\/a><\/p>\n<p><strong>(8)<\/strong>\u00a0&#8220;Building a place. Four kindergartens in Zaragoza, 2008-2018&#8221;, comunicaci\u00f3n presentada en la Conferencia Internacional &#8220;Educational Architecture \u2013 Education, Heritage, Challenges&#8221; in Lisboa\u00a0\u00a0<a href=\"http:\/\/blog.magenarquitectos.com\/2019\/05\/02\/international-conference-on-educational-architecture-education-heritage-challenges\/\">[ir]<\/a> \/ &#8220;Bulding a place. Four kindergartens in Zaragoza, 2008-2018&#8221;, paper lectured in the International Conference &#8220;Educational Architecture &#8211; Education, Heritage, Challenges&#8221; in Lisboa\u00a0<a href=\"http:\/\/blog.magenarquitectos.com\/2019\/05\/02\/international-conference-on-educational-architecture-education-heritage-challenges\/\">[go]<\/a><\/p>\n<p><strong>(9)<\/strong>\u00a0La <a href=\"http:\/\/magenarquitectos.com\/c-e-i-arcosur\/\">Escuela Infantil Arcosur<\/a>\u00a0recibe\u00a0el\u00a0\u00a0XXXIV Premio Fernando Garc\u00eda Mercadal del Colegio Oficial de Arquitectos de Arag\u00f3n <a href=\"http:\/\/blog.magenarquitectos.com\/2019\/10\/11\/premio-fernando-garcia-mercadal-xxxiv-edicion\/\">[ir]<\/a> y el XV Premio 3 de Abril del Ayuntamiento de Zaragoza <a href=\"http:\/\/blog.magenarquitectos.com\/2019\/04\/04\/premio-3-de-abril-de-arquitectura-y-urbanismo-para-el-cei-arcosur\/\">[ir]<\/a>\u00a0 \/\u00a0<a href=\"http:\/\/english.magenarquitectos.com\/kindergarten-arcosur\/\">Kindergarten Arcosur<\/a>\u00a0receives XXXIV Garcia Mercadal Award by Aragon Institute of Architects\u00a0<a href=\"http:\/\/blog.magenarquitectos.com\/2019\/10\/11\/premio-fernando-garcia-mercadal-xxxiv-edicion\/\">[go]<\/a>\u00a0 and XV 3 de Abril Award by Municipality of Zaragoza <a href=\"http:\/\/blog.magenarquitectos.com\/2019\/04\/04\/premio-3-de-abril-de-arquitectura-y-urbanismo-para-el-cei-arcosur\/\">[go]<\/a>\u00a0.<\/p>\n<p>&nbsp;<\/p>\n","protected":false},"excerpt":{"rendered":"<p>(1)\u00a0La oficina\u00a0Arquia Banca en Zaragoza\u00a0obtiene el XL Trofeo Ricardo Magdalena [ir]\/ Arquia Banca in Zaragoza\u00a0office receives Ricardo Magdalena Award [go] (2)\u00a0Mag\u00e9n Arquitectos desarrolla un edificio de 51 viviendas en la calle Franco y L\u00f3pez de Zaragoza [ir]\u00a0\/\u00a0Magen Arquitectos is designing a residential building in Franco y Lopez street in Zaragoza [go] (3) En construcci\u00f3n: Pabell\u00f3n [&hellip;]<\/p>\n","protected":false},"author":1,"featured_media":0,"comment_status":"open","ping_status":"open","sticky":false,"template":"","format":"standard","meta":{"_monsterinsights_skip_tracking":false,"_monsterinsights_sitenote_active":false,"_monsterinsights_sitenote_note":"","_monsterinsights_sitenote_category":0},"categories":[86,195,175,200,220,202,75,196,76,212,213,164,77,78,97,65,66,67,139,223,132,204,69,125,130,217,113,90,194,92,131,165,146,95,117],"tags":[100,115,62,119,129,134,80,140,87,141,142,89,81,70,93,94,71,72,82,83,74],"_links":{"self":[{"href":"https:\/\/magenarquitectos.com\/en\/wp-json\/wp\/v2\/posts\/10118"}],"collection":[{"href":"https:\/\/magenarquitectos.com\/en\/wp-json\/wp\/v2\/posts"}],"about":[{"href":"https:\/\/magenarquitectos.com\/en\/wp-json\/wp\/v2\/types\/post"}],"author":[{"embeddable":true,"href":"https:\/\/magenarquitectos.com\/en\/wp-json\/wp\/v2\/users\/1"}],"replies":[{"embeddable":true,"href":"https:\/\/magenarquitectos.com\/en\/wp-json\/wp\/v2\/comments?post=10118"}],"version-history":[{"count":1,"href":"https:\/\/magenarquitectos.com\/en\/wp-json\/wp\/v2\/posts\/10118\/revisions"}],"predecessor-version":[{"id":12242,"href":"https:\/\/magenarquitectos.com\/en\/wp-json\/wp\/v2\/posts\/10118\/revisions\/12242"}],"wp:attachment":[{"href":"https:\/\/magenarquitectos.com\/en\/wp-json\/wp\/v2\/media?parent=10118"}],"wp:term":[{"taxonomy":"category","embeddable":true,"href":"https:\/\/magenarquitectos.com\/en\/wp-json\/wp\/v2\/categories?post=10118"},{"taxonomy":"post_tag","embeddable":true,"href":"https:\/\/magenarquitectos.com\/en\/wp-json\/wp\/v2\/tags?post=10118"}],"curies":[{"name":"wp","href":"https:\/\/api.w.org\/{rel}","templated":true}]}}