{"id":10127,"date":"2020-01-10T09:30:29","date_gmt":"2020-01-10T08:30:29","guid":{"rendered":"http:\/\/blog.magenarquitectos.com\/?p=10127"},"modified":"2021-06-17T09:13:46","modified_gmt":"2021-06-17T09:13:46","slug":"magen-arquitectos-rehabilitara-la-celda-del-prior-de-la-cartuja-baja-de-zaragoza","status":"publish","type":"post","link":"https:\/\/magenarquitectos.com\/en\/magen-arquitectos-rehabilitara-la-celda-del-prior-de-la-cartuja-baja-de-zaragoza\/","title":{"rendered":"Mag\u00e9n Arquitectos rehabilitar\u00e1 la Celda del Prior de la Cartuja Baja de Zaragoza"},"content":{"rendered":"<p>Mag\u00e9n Arquitectos rehabilitar\u00e1 la Celda del Prior de la Cartuja Baja de Zaragoza, edificio declarado BIC, para\u00a0usos sociales y culturales.<\/p>\n<p>Magen Arquitectos to renovate Celda del Prior building, protected by Heritage Commitee, in Cartuja Baja (Zaragoza) to hold a social and cultural programme.<\/p>\n<p><img loading=\"lazy\" class=\"alignleft size-full wp-image-10128\" src=\"https:\/\/magenarquitectos.com\/wp-content\/uploads\/2021\/06\/CARTUJA-AEREA.jpg\" alt=\"CARTUJA-AEREA\" width=\"646\" height=\"771\" title=\"\"><\/p>\n","protected":false},"excerpt":{"rendered":"<p>Mag\u00e9n Arquitectos rehabilitar\u00e1 la Celda del Prior de la Cartuja Baja de Zaragoza, edificio declarado BIC, para\u00a0usos sociales y culturales. Magen Arquitectos to renovate Celda del Prior building, protected by Heritage Commitee, in Cartuja Baja (Zaragoza) to hold a social and cultural programme.<\/p>\n","protected":false},"author":1,"featured_media":0,"comment_status":"open","ping_status":"open","sticky":false,"template":"","format":"standard","meta":{"_monsterinsights_skip_tracking":false,"_monsterinsights_sitenote_active":false,"_monsterinsights_sitenote_note":"","_monsterinsights_sitenote_category":0},"categories":[202,75,65,66],"tags":[115,93,94,74],"_links":{"self":[{"href":"https:\/\/magenarquitectos.com\/en\/wp-json\/wp\/v2\/posts\/10127"}],"collection":[{"href":"https:\/\/magenarquitectos.com\/en\/wp-json\/wp\/v2\/posts"}],"about":[{"href":"https:\/\/magenarquitectos.com\/en\/wp-json\/wp\/v2\/types\/post"}],"author":[{"embeddable":true,"href":"https:\/\/magenarquitectos.com\/en\/wp-json\/wp\/v2\/users\/1"}],"replies":[{"embeddable":true,"href":"https:\/\/magenarquitectos.com\/en\/wp-json\/wp\/v2\/comments?post=10127"}],"version-history":[{"count":1,"href":"https:\/\/magenarquitectos.com\/en\/wp-json\/wp\/v2\/posts\/10127\/revisions"}],"predecessor-version":[{"id":12239,"href":"https:\/\/magenarquitectos.com\/en\/wp-json\/wp\/v2\/posts\/10127\/revisions\/12239"}],"wp:attachment":[{"href":"https:\/\/magenarquitectos.com\/en\/wp-json\/wp\/v2\/media?parent=10127"}],"wp:term":[{"taxonomy":"category","embeddable":true,"href":"https:\/\/magenarquitectos.com\/en\/wp-json\/wp\/v2\/categories?post=10127"},{"taxonomy":"post_tag","embeddable":true,"href":"https:\/\/magenarquitectos.com\/en\/wp-json\/wp\/v2\/tags?post=10127"}],"curies":[{"name":"wp","href":"https:\/\/api.w.org\/{rel}","templated":true}]}}