{"id":10138,"date":"2020-01-28T09:00:47","date_gmt":"2020-01-28T08:00:47","guid":{"rendered":"http:\/\/blog.magenarquitectos.com\/?p=10138"},"modified":"2021-06-17T09:13:46","modified_gmt":"2021-06-17T09:13:46","slug":"visita-al-centro-de-educacion-infantil-arcosur","status":"publish","type":"post","link":"https:\/\/magenarquitectos.com\/en\/visita-al-centro-de-educacion-infantil-arcosur\/","title":{"rendered":"Visita al Centro de Educaci\u00f3n Infantil Arcosur"},"content":{"rendered":"<div>El Colegio Oficial de Arquitectos de Arag\u00f3n organiza una visita al Centro de Educaci\u00f3n Infantil Arcosur, obra ganadora de la XXXIV edici\u00f3n del Premio de Arquitectura &#8220;Garc\u00eda Mercadal&#8221;, el pr\u00f3ximo viernes, 31 de enero de 2020, a las 12 h.\u00a0El n\u00famero de plazas est\u00e1 limitado a 25 personas.<\/div>\n<div><\/div>\n<div><strong><a href=\"https:\/\/forms.gle\/KJeuFSy4kh2rXsvf7\" rel=\"nofollow noopener\" target=\"_blank\">INSCRIPCI\u00d3N\u00a0<\/a><\/strong><\/div>\n<div><img loading=\"lazy\" class=\"alignleft size-full wp-image-9957\" src=\"https:\/\/magenarquitectos.com\/wp-content\/uploads\/2021\/06\/02-COLEGIO-ARCOSUR-ZARAGOZA-002.jpg\" alt=\"Magen Arquitectos Zaragoza\" width=\"1181\" height=\"795\" title=\"\"><\/div>\n","protected":false},"excerpt":{"rendered":"<p>El Colegio Oficial de Arquitectos de Arag\u00f3n organiza una visita al Centro de Educaci\u00f3n Infantil Arcosur, obra ganadora de la XXXIV edici\u00f3n del Premio de Arquitectura &#8220;Garc\u00eda Mercadal&#8221;, el pr\u00f3ximo viernes, 31 de enero de 2020, a las 12 h.\u00a0El n\u00famero de plazas est\u00e1 limitado a 25 personas. INSCRIPCI\u00d3N\u00a0<\/p>\n","protected":false},"author":1,"featured_media":0,"comment_status":"open","ping_status":"open","sticky":false,"template":"","format":"standard","meta":{"_monsterinsights_skip_tracking":false,"_monsterinsights_sitenote_active":false,"_monsterinsights_sitenote_note":"","_monsterinsights_sitenote_category":0},"categories":[195,65,139,113],"tags":[222,115,80,140,141,74],"_links":{"self":[{"href":"https:\/\/magenarquitectos.com\/en\/wp-json\/wp\/v2\/posts\/10138"}],"collection":[{"href":"https:\/\/magenarquitectos.com\/en\/wp-json\/wp\/v2\/posts"}],"about":[{"href":"https:\/\/magenarquitectos.com\/en\/wp-json\/wp\/v2\/types\/post"}],"author":[{"embeddable":true,"href":"https:\/\/magenarquitectos.com\/en\/wp-json\/wp\/v2\/users\/1"}],"replies":[{"embeddable":true,"href":"https:\/\/magenarquitectos.com\/en\/wp-json\/wp\/v2\/comments?post=10138"}],"version-history":[{"count":1,"href":"https:\/\/magenarquitectos.com\/en\/wp-json\/wp\/v2\/posts\/10138\/revisions"}],"predecessor-version":[{"id":12230,"href":"https:\/\/magenarquitectos.com\/en\/wp-json\/wp\/v2\/posts\/10138\/revisions\/12230"}],"wp:attachment":[{"href":"https:\/\/magenarquitectos.com\/en\/wp-json\/wp\/v2\/media?parent=10138"}],"wp:term":[{"taxonomy":"category","embeddable":true,"href":"https:\/\/magenarquitectos.com\/en\/wp-json\/wp\/v2\/categories?post=10138"},{"taxonomy":"post_tag","embeddable":true,"href":"https:\/\/magenarquitectos.com\/en\/wp-json\/wp\/v2\/tags?post=10138"}],"curies":[{"name":"wp","href":"https:\/\/api.w.org\/{rel}","templated":true}]}}