{"id":10141,"date":"2020-02-03T17:22:01","date_gmt":"2020-02-03T16:22:01","guid":{"rendered":"http:\/\/blog.magenarquitectos.com\/?p=10141"},"modified":"2021-06-17T09:13:46","modified_gmt":"2021-06-17T09:13:46","slug":"el-centro-de-educacion-infantil-arcosur-publicado-en-bauwelt-magazine","status":"publish","type":"post","link":"https:\/\/magenarquitectos.com\/en\/el-centro-de-educacion-infantil-arcosur-publicado-en-bauwelt-magazine\/","title":{"rendered":"El Centro de Educaci\u00f3n Infantil Arcosur, publicado en Bauwelt Magazine"},"content":{"rendered":"<p>El n\u00famero 02.2020 de la prestigiosa revista alemana de arquitectura BAUWELT incluye un art\u00edculo sobre el Centro de Educaci\u00f3n Infantil Arcosur.<\/p>\n<p><img loading=\"lazy\" class=\"alignleft size-full wp-image-10142\" src=\"https:\/\/magenarquitectos.com\/wp-content\/uploads\/2021\/06\/IMG_2146.jpg\" alt=\"IMG_2146\" width=\"2811\" height=\"3582\" title=\"\"><\/p>\n<p><img loading=\"lazy\" class=\"alignleft size-full wp-image-10143\" src=\"https:\/\/magenarquitectos.com\/wp-content\/uploads\/2021\/06\/IMG_2148.jpg\" alt=\"IMG_2148\" width=\"3915\" height=\"2936\" title=\"\"><\/p>\n","protected":false},"excerpt":{"rendered":"<p>El n\u00famero 02.2020 de la prestigiosa revista alemana de arquitectura BAUWELT incluye un art\u00edculo sobre el Centro de Educaci\u00f3n Infantil Arcosur.<\/p>\n","protected":false},"author":1,"featured_media":0,"comment_status":"open","ping_status":"open","sticky":false,"template":"","format":"standard","meta":{"_monsterinsights_skip_tracking":false,"_monsterinsights_sitenote_active":false,"_monsterinsights_sitenote_note":"","_monsterinsights_sitenote_category":0},"categories":[65,139,90,194],"tags":[222,115,134,80,140,141,142,89,74],"_links":{"self":[{"href":"https:\/\/magenarquitectos.com\/en\/wp-json\/wp\/v2\/posts\/10141"}],"collection":[{"href":"https:\/\/magenarquitectos.com\/en\/wp-json\/wp\/v2\/posts"}],"about":[{"href":"https:\/\/magenarquitectos.com\/en\/wp-json\/wp\/v2\/types\/post"}],"author":[{"embeddable":true,"href":"https:\/\/magenarquitectos.com\/en\/wp-json\/wp\/v2\/users\/1"}],"replies":[{"embeddable":true,"href":"https:\/\/magenarquitectos.com\/en\/wp-json\/wp\/v2\/comments?post=10141"}],"version-history":[{"count":1,"href":"https:\/\/magenarquitectos.com\/en\/wp-json\/wp\/v2\/posts\/10141\/revisions"}],"predecessor-version":[{"id":12227,"href":"https:\/\/magenarquitectos.com\/en\/wp-json\/wp\/v2\/posts\/10141\/revisions\/12227"}],"wp:attachment":[{"href":"https:\/\/magenarquitectos.com\/en\/wp-json\/wp\/v2\/media?parent=10141"}],"wp:term":[{"taxonomy":"category","embeddable":true,"href":"https:\/\/magenarquitectos.com\/en\/wp-json\/wp\/v2\/categories?post=10141"},{"taxonomy":"post_tag","embeddable":true,"href":"https:\/\/magenarquitectos.com\/en\/wp-json\/wp\/v2\/tags?post=10141"}],"curies":[{"name":"wp","href":"https:\/\/api.w.org\/{rel}","templated":true}]}}