{"id":10149,"date":"2020-02-17T14:17:36","date_gmt":"2020-02-17T13:17:36","guid":{"rendered":"http:\/\/blog.magenarquitectos.com\/?p=10149"},"modified":"2021-06-17T09:13:45","modified_gmt":"2021-06-17T09:13:45","slug":"exposicion-premio-de-arquitectura-fernando-garcia-mercadal-en-el-museo-de-teruel","status":"publish","type":"post","link":"https:\/\/magenarquitectos.com\/en\/exposicion-premio-de-arquitectura-fernando-garcia-mercadal-en-el-museo-de-teruel\/","title":{"rendered":"Exposici\u00f3n &#8220;Premio de Arquitectura Fernando Garc\u00eda Mercadal&#8221; en el Museo de Teruel"},"content":{"rendered":"<p>Del 12 al 26 de febrero se puede visitar en el Museo de Teruel la exposici\u00f3n &#8220;Premio de Arquitectura\u00a0Fernando Garc\u00eda Mercadal&#8221;, organizada por el Colegio Oficial de Arquitectos de Arag\u00f3n, con la colaboraci\u00f3n del Museo de Teruel.<\/p>\n<p>La muestra incluye dos obras de Mag\u00e9n Arquitectos: el Centro de Educaci\u00f3n Infantil Arcosur, y la Oficina Arquia Banca en Zaragoza,\u00a0 que obtuvieron, respectivamente, el Primer Premio\u00a0y\u00a0el Acc\u00e9sit\u00a0de Arquitectura Interior, en la XXXIV edici\u00f3n del Premio.<\/p>\n<p><img loading=\"lazy\" class=\"alignleft size-full wp-image-10150\" src=\"https:\/\/magenarquitectos.com\/wp-content\/uploads\/2021\/06\/expo-teruel-17218_2020_2_6_47_18_762.jpg\" alt=\"magen arquitectos zaragoza\" width=\"1004\" height=\"591\" title=\"\"> <img loading=\"lazy\" class=\"alignleft size-full wp-image-10151\" src=\"https:\/\/magenarquitectos.com\/wp-content\/uploads\/2021\/06\/NOTICIA-expo-teruel_17218_2020_2_14_57_9681.jpg\" alt=\"NOTICIA expo teruel_17218_2020_2_14_57_9681\" width=\"800\" height=\"534\" title=\"\"><\/p>\n","protected":false},"excerpt":{"rendered":"<p>Del 12 al 26 de febrero se puede visitar en el Museo de Teruel la exposici\u00f3n &#8220;Premio de Arquitectura\u00a0Fernando Garc\u00eda Mercadal&#8221;, organizada por el Colegio Oficial de Arquitectos de Arag\u00f3n, con la colaboraci\u00f3n del Museo de Teruel. La muestra incluye dos obras de Mag\u00e9n Arquitectos: el Centro de Educaci\u00f3n Infantil Arcosur, y la Oficina Arquia [&hellip;]<\/p>\n","protected":false},"author":1,"featured_media":0,"comment_status":"open","ping_status":"open","sticky":false,"template":"","format":"standard","meta":{"_monsterinsights_skip_tracking":false,"_monsterinsights_sitenote_active":false,"_monsterinsights_sitenote_note":"","_monsterinsights_sitenote_category":0},"categories":[86,195,202,75,65,139,69,113],"tags":[222,115,80,140,68,141,142,74],"_links":{"self":[{"href":"https:\/\/magenarquitectos.com\/en\/wp-json\/wp\/v2\/posts\/10149"}],"collection":[{"href":"https:\/\/magenarquitectos.com\/en\/wp-json\/wp\/v2\/posts"}],"about":[{"href":"https:\/\/magenarquitectos.com\/en\/wp-json\/wp\/v2\/types\/post"}],"author":[{"embeddable":true,"href":"https:\/\/magenarquitectos.com\/en\/wp-json\/wp\/v2\/users\/1"}],"replies":[{"embeddable":true,"href":"https:\/\/magenarquitectos.com\/en\/wp-json\/wp\/v2\/comments?post=10149"}],"version-history":[{"count":1,"href":"https:\/\/magenarquitectos.com\/en\/wp-json\/wp\/v2\/posts\/10149\/revisions"}],"predecessor-version":[{"id":12147,"href":"https:\/\/magenarquitectos.com\/en\/wp-json\/wp\/v2\/posts\/10149\/revisions\/12147"}],"wp:attachment":[{"href":"https:\/\/magenarquitectos.com\/en\/wp-json\/wp\/v2\/media?parent=10149"}],"wp:term":[{"taxonomy":"category","embeddable":true,"href":"https:\/\/magenarquitectos.com\/en\/wp-json\/wp\/v2\/categories?post=10149"},{"taxonomy":"post_tag","embeddable":true,"href":"https:\/\/magenarquitectos.com\/en\/wp-json\/wp\/v2\/tags?post=10149"}],"curies":[{"name":"wp","href":"https:\/\/api.w.org\/{rel}","templated":true}]}}