{"id":10165,"date":"2020-03-27T13:45:28","date_gmt":"2020-03-27T12:45:28","guid":{"rendered":"http:\/\/blog.magenarquitectos.com\/?p=10165"},"modified":"2021-06-17T09:13:45","modified_gmt":"2021-06-17T09:13:45","slug":"la-casa-origami-en-el-ultimo-show-aragon-tv","status":"publish","type":"post","link":"https:\/\/magenarquitectos.com\/en\/la-casa-origami-en-el-ultimo-show-aragon-tv\/","title":{"rendered":"La Casa Origami, en &#8220;El \u00faltimo show&#8221; (Arag\u00f3n TV)"},"content":{"rendered":"<p><img loading=\"lazy\" class=\"alignleft size-full wp-image-10166\" src=\"https:\/\/magenarquitectos.com\/wp-content\/uploads\/2021\/06\/ultimo_show.jpg\" alt=\"ultimo_show\" width=\"1600\" height=\"889\" title=\"\"><\/p>\n<p>La Casa Origami es una de las localizaciones en la que se desarrolla la serie de ficci\u00f3n &#8220;El \u00faltimo show&#8221; de Arag\u00f3n TV.<\/p>\n<p>+info: <a href=\"http:\/\/magenarquitectos.com\/casa-patio-zaragoza\/\">Casa Origami<\/a>, <a href=\"http:\/\/english.magenarquitectos.com\/villa-in-zaragoza\/\">Origami House<\/a><\/p>\n","protected":false},"excerpt":{"rendered":"<p>La Casa Origami es una de las localizaciones en la que se desarrolla la serie de ficci\u00f3n &#8220;El \u00faltimo show&#8221; de Arag\u00f3n TV. +info: Casa Origami, Origami House<\/p>\n","protected":false},"author":1,"featured_media":0,"comment_status":"open","ping_status":"open","sticky":false,"template":"","format":"standard","meta":{"_monsterinsights_skip_tracking":false,"_monsterinsights_sitenote_active":false,"_monsterinsights_sitenote_note":"","_monsterinsights_sitenote_category":0},"categories":[95],"tags":[115,116,96,74],"_links":{"self":[{"href":"https:\/\/magenarquitectos.com\/en\/wp-json\/wp\/v2\/posts\/10165"}],"collection":[{"href":"https:\/\/magenarquitectos.com\/en\/wp-json\/wp\/v2\/posts"}],"about":[{"href":"https:\/\/magenarquitectos.com\/en\/wp-json\/wp\/v2\/types\/post"}],"author":[{"embeddable":true,"href":"https:\/\/magenarquitectos.com\/en\/wp-json\/wp\/v2\/users\/1"}],"replies":[{"embeddable":true,"href":"https:\/\/magenarquitectos.com\/en\/wp-json\/wp\/v2\/comments?post=10165"}],"version-history":[{"count":2,"href":"https:\/\/magenarquitectos.com\/en\/wp-json\/wp\/v2\/posts\/10165\/revisions"}],"predecessor-version":[{"id":17733,"href":"https:\/\/magenarquitectos.com\/en\/wp-json\/wp\/v2\/posts\/10165\/revisions\/17733"}],"wp:attachment":[{"href":"https:\/\/magenarquitectos.com\/en\/wp-json\/wp\/v2\/media?parent=10165"}],"wp:term":[{"taxonomy":"category","embeddable":true,"href":"https:\/\/magenarquitectos.com\/en\/wp-json\/wp\/v2\/categories?post=10165"},{"taxonomy":"post_tag","embeddable":true,"href":"https:\/\/magenarquitectos.com\/en\/wp-json\/wp\/v2\/tags?post=10165"}],"curies":[{"name":"wp","href":"https:\/\/api.w.org\/{rel}","templated":true}]}}