{"id":10176,"date":"2020-05-13T19:31:31","date_gmt":"2020-05-13T17:31:31","guid":{"rendered":"http:\/\/blog.magenarquitectos.com\/?p=10176"},"modified":"2021-06-17T09:13:45","modified_gmt":"2021-06-17T09:13:45","slug":"el-centro-de-educacion-infantil-arcosur-ha-sido-seleccionado-en-los-premios-fad-2020","status":"publish","type":"post","link":"https:\/\/magenarquitectos.com\/en\/el-centro-de-educacion-infantil-arcosur-ha-sido-seleccionado-en-los-premios-fad-2020\/","title":{"rendered":"Seleccionado en los Premios FAD 2020 el Centro de Educaci\u00f3n Infantil Arcosur."},"content":{"rendered":"<p>El Centro de Educaci\u00f3n Infantil Arcosur en Zaragoza, proyectado por Mag\u00e9n Arquitectos y promovido por el Gobierno de Arag\u00f3n, es una de las 16 obras Seleccionadas en la categor\u00eda de Arquitectura de la presente edici\u00f3n de los premios FAD.<\/p>\n<p>+ info:\u00a0<a href=\"http:\/\/arquinfad.org\/premisfad\/es\/ediciones-anteriores\/?edicio\/2020\/obra\/11192\/\" rel=\"nofollow noopener\" target=\"_blank\">http:\/\/arquinfad.org\/premisfad\/es\/ediciones-anteriores\/?edicio\/2020\/obra\/11192\/<\/a><\/p>\n<p><img loading=\"lazy\" class=\"alignleft size-full wp-image-10177\" src=\"https:\/\/magenarquitectos.com\/wp-content\/uploads\/2021\/06\/seleccionado-FAD-2020.jpg\" alt=\"magen arquitectos Zaragoza\" width=\"1299\" height=\"1148\" title=\"\"><\/p>\n","protected":false},"excerpt":{"rendered":"<p>El Centro de Educaci\u00f3n Infantil Arcosur en Zaragoza, proyectado por Mag\u00e9n Arquitectos y promovido por el Gobierno de Arag\u00f3n, es una de las 16 obras Seleccionadas en la categor\u00eda de Arquitectura de la presente edici\u00f3n de los premios FAD. + info:\u00a0http:\/\/arquinfad.org\/premisfad\/es\/ediciones-anteriores\/?edicio\/2020\/obra\/11192\/<\/p>\n","protected":false},"author":1,"featured_media":0,"comment_status":"open","ping_status":"open","sticky":false,"template":"","format":"standard","meta":{"_monsterinsights_skip_tracking":false,"_monsterinsights_sitenote_active":false,"_monsterinsights_sitenote_note":"","_monsterinsights_sitenote_category":0},"categories":[195,139,204,69,113],"tags":[115,62,134,80,140,141,142,70,74],"_links":{"self":[{"href":"https:\/\/magenarquitectos.com\/en\/wp-json\/wp\/v2\/posts\/10176"}],"collection":[{"href":"https:\/\/magenarquitectos.com\/en\/wp-json\/wp\/v2\/posts"}],"about":[{"href":"https:\/\/magenarquitectos.com\/en\/wp-json\/wp\/v2\/types\/post"}],"author":[{"embeddable":true,"href":"https:\/\/magenarquitectos.com\/en\/wp-json\/wp\/v2\/users\/1"}],"replies":[{"embeddable":true,"href":"https:\/\/magenarquitectos.com\/en\/wp-json\/wp\/v2\/comments?post=10176"}],"version-history":[{"count":1,"href":"https:\/\/magenarquitectos.com\/en\/wp-json\/wp\/v2\/posts\/10176\/revisions"}],"predecessor-version":[{"id":12127,"href":"https:\/\/magenarquitectos.com\/en\/wp-json\/wp\/v2\/posts\/10176\/revisions\/12127"}],"wp:attachment":[{"href":"https:\/\/magenarquitectos.com\/en\/wp-json\/wp\/v2\/media?parent=10176"}],"wp:term":[{"taxonomy":"category","embeddable":true,"href":"https:\/\/magenarquitectos.com\/en\/wp-json\/wp\/v2\/categories?post=10176"},{"taxonomy":"post_tag","embeddable":true,"href":"https:\/\/magenarquitectos.com\/en\/wp-json\/wp\/v2\/tags?post=10176"}],"curies":[{"name":"wp","href":"https:\/\/api.w.org\/{rel}","templated":true}]}}