{"id":10182,"date":"2020-05-25T11:42:43","date_gmt":"2020-05-25T09:42:43","guid":{"rendered":"http:\/\/blog.magenarquitectos.com\/?p=10182"},"modified":"2021-06-17T09:13:45","modified_gmt":"2021-06-17T09:13:45","slug":"arcosur-tiene-un-colegio-de-premio-heraldo-de-aragon","status":"publish","type":"post","link":"https:\/\/magenarquitectos.com\/en\/arcosur-tiene-un-colegio-de-premio-heraldo-de-aragon\/","title":{"rendered":"&#8220;Arcosur tiene un colegio de Premio&#8221;. Heraldo de Arag\u00f3n"},"content":{"rendered":"<p>Art\u00edculo de Leyre Ruiz sobre el Centro de Educaci\u00f3n Infantil Arcosur en Zaragoza en <a href=\"https:\/\/www.heraldo.es\/noticias\/aragon\/zaragoza\/2020\/05\/25\/arcosur-tiene-un-colegio-de-premio-1376421.html\" rel=\"nofollow noopener\" target=\"_blank\">Heraldo de Arag\u00f3n<\/a>.<\/p>\n<p><img loading=\"lazy\" class=\"alignleft size-full wp-image-10185\" src=\"https:\/\/magenarquitectos.com\/wp-content\/uploads\/2021\/06\/heraldo_2505-1.jpg\" alt=\"heraldo_2505\" width=\"1029\" height=\"363\" title=\"\"><\/p>\n<p><img loading=\"lazy\" class=\"alignleft size-full wp-image-10186\" src=\"https:\/\/magenarquitectos.com\/wp-content\/uploads\/2021\/06\/COLEGIO-ARCOSUR-ZARAGOZA-001.jpg\" alt=\"COLEGIO ARCOSUR ZARAGOZA-001\" width=\"1200\" height=\"808\" title=\"\"><\/p>\n<p>+info: <a href=\"http:\/\/magenarquitectos.com\/escuela-infantil-arcosur\/\">CEI Arcosur<\/a>, <a href=\"http:\/\/english.magenarquitectos.com\/kindergarten-arcosur\/\">Kindergarten Arcosur<\/a><\/p>\n","protected":false},"excerpt":{"rendered":"<p>Art\u00edculo de Leyre Ruiz sobre el Centro de Educaci\u00f3n Infantil Arcosur en Zaragoza en Heraldo de Arag\u00f3n. +info: CEI Arcosur, Kindergarten Arcosur<\/p>\n","protected":false},"author":1,"featured_media":0,"comment_status":"open","ping_status":"open","sticky":false,"template":"","format":"standard","meta":{"_monsterinsights_skip_tracking":false,"_monsterinsights_sitenote_active":false,"_monsterinsights_sitenote_note":"","_monsterinsights_sitenote_category":0},"categories":[195,65,139,113,90,194],"tags":[115,62,134,80,140,141,142,70,74],"_links":{"self":[{"href":"https:\/\/magenarquitectos.com\/en\/wp-json\/wp\/v2\/posts\/10182"}],"collection":[{"href":"https:\/\/magenarquitectos.com\/en\/wp-json\/wp\/v2\/posts"}],"about":[{"href":"https:\/\/magenarquitectos.com\/en\/wp-json\/wp\/v2\/types\/post"}],"author":[{"embeddable":true,"href":"https:\/\/magenarquitectos.com\/en\/wp-json\/wp\/v2\/users\/1"}],"replies":[{"embeddable":true,"href":"https:\/\/magenarquitectos.com\/en\/wp-json\/wp\/v2\/comments?post=10182"}],"version-history":[{"count":1,"href":"https:\/\/magenarquitectos.com\/en\/wp-json\/wp\/v2\/posts\/10182\/revisions"}],"predecessor-version":[{"id":12124,"href":"https:\/\/magenarquitectos.com\/en\/wp-json\/wp\/v2\/posts\/10182\/revisions\/12124"}],"wp:attachment":[{"href":"https:\/\/magenarquitectos.com\/en\/wp-json\/wp\/v2\/media?parent=10182"}],"wp:term":[{"taxonomy":"category","embeddable":true,"href":"https:\/\/magenarquitectos.com\/en\/wp-json\/wp\/v2\/categories?post=10182"},{"taxonomy":"post_tag","embeddable":true,"href":"https:\/\/magenarquitectos.com\/en\/wp-json\/wp\/v2\/tags?post=10182"}],"curies":[{"name":"wp","href":"https:\/\/api.w.org\/{rel}","templated":true}]}}