{"id":10211,"date":"2020-07-29T19:07:18","date_gmt":"2020-07-29T17:07:18","guid":{"rendered":"http:\/\/blog.magenarquitectos.com\/?p=10211"},"modified":"2021-06-17T09:13:45","modified_gmt":"2021-06-17T09:13:45","slug":"accesit-tercer-clasificado-en-el-concurso-nacional-de-ideas-para-la-facultad-de-ciencias-de-la-salud-de-la-upna","status":"publish","type":"post","link":"https:\/\/magenarquitectos.com\/en\/accesit-tercer-clasificado-en-el-concurso-nacional-de-ideas-para-la-facultad-de-ciencias-de-la-salud-de-la-upna\/","title":{"rendered":"Acc\u00e9sit &#8211; Tercer clasificado en el Concurso Nacional de Ideas para la Facultad de Ciencias de la Salud de la UPNA"},"content":{"rendered":"<p>La propuesta de la UTE Barcos y Enr\u00edquez &#8211; Mag\u00e9n Arquitectos, presentada bajo el lema BIKOITZ, ha obtenido un Acc\u00e9sit, al resultar la tercera mejor valorada por el jurado del concurso, con 90\/100 puntos, en el Concurso de Ideas para la Nueva Facultad de Ciencias de la Salud de la Universidad P\u00fablica de Navarra, en Pamplona. Entre las 35 propuestas presentadas, el jurado ha otorgado un primer premio y dos acc\u00e9sit.<\/p>\n<p>+info:\u00a0<a href=\"https:\/\/www.diariodenavarra.es\/noticias\/navarra\/2020\/07\/15\/publicadas-las-puntuaciones-del-concurso-para-nuevo-edificio-facultad-salud-upna-696086-300.html\" rel=\"nofollow noopener\" target=\"_blank\">https:\/\/www.diariodenavarra.es\/noticias\/navarra\/2020\/07\/15\/publicadas-las-puntuaciones-del-concurso-para-nuevo-edificio-facultad-salud-upna-696086-300.html<\/a><\/p>\n<p><a href=\"https:\/\/www.navarra.es\/es\/noticias\/2020\/07\/17\/el-equipo-liderado-por-el-arquitecto-jose-maria-errea-argaiz-ganador-del-concurso-de-proyectos-para-el-nuevo-edificio-de-la-facultad-de-ciencias-de-la-salud-de-la-upna\" rel=\"nofollow noopener\" target=\"_blank\">https:\/\/www.navarra.es\/es\/noticias\/2020\/07\/17\/el-equipo-liderado-por-el-arquitecto-jose-maria-errea-argaiz-ganador-del-concurso-de-proyectos-para-el-nuevo-edificio-de-la-facultad-de-ciencias-de-la-salud-de-la-upna<\/a><\/p>\n<p><a href=\"https:\/\/www.noticiasdenavarra.com\/navarra\/pamplona\/2020\/07\/17\/navarra-equipo-jose-maria-errea\/1063668.html\" rel=\"nofollow noopener\" target=\"_blank\">https:\/\/www.noticiasdenavarra.com\/navarra\/pamplona\/2020\/07\/17\/navarra-equipo-jose-maria-errea\/1063668.html<\/a><\/p>\n<p><img loading=\"lazy\" class=\"alignleft size-full wp-image-10212\" src=\"https:\/\/magenarquitectos.com\/wp-content\/uploads\/2021\/06\/lr-01-VISTA-EXTERIOR-FRONTAL.jpg\" alt=\"magen arquitectos zaragoza\" width=\"1417\" height=\"683\" title=\"\"><\/p>\n<p><img loading=\"lazy\" class=\"alignleft size-full wp-image-10213\" src=\"https:\/\/magenarquitectos.com\/wp-content\/uploads\/2021\/06\/lr-01_INTERIOR-ATARDECER.jpg\" alt=\"lr 01_INTERIOR ATARDECER\" width=\"2800\" height=\"3500\" title=\"\">+info: <a href=\"http:\/\/magenarquitectos.com\/facultad-ciencias-salud-universidad-publica-de-navarra\/\">Facultad de Ciencias de la Salud<\/a>, <a href=\"http:\/\/english.magenarquitectos.com\/health-sciences-faculty-public-university-of-navarra\/\">Health Sciences faculty<\/a><\/p>\n","protected":false},"excerpt":{"rendered":"<p>La propuesta de la UTE Barcos y Enr\u00edquez &#8211; Mag\u00e9n Arquitectos, presentada bajo el lema BIKOITZ, ha obtenido un Acc\u00e9sit, al resultar la tercera mejor valorada por el jurado del concurso, con 90\/100 puntos, en el Concurso de Ideas para la Nueva Facultad de Ciencias de la Salud de la Universidad P\u00fablica de Navarra, en [&hellip;]<\/p>\n","protected":false},"author":1,"featured_media":0,"comment_status":"open","ping_status":"open","sticky":false,"template":"","format":"standard","meta":{"_monsterinsights_skip_tracking":false,"_monsterinsights_sitenote_active":false,"_monsterinsights_sitenote_note":"","_monsterinsights_sitenote_category":0},"categories":[195,75,78,65,139,125,113],"tags":[115,62,134,80,140,70,82,83,74],"_links":{"self":[{"href":"https:\/\/magenarquitectos.com\/en\/wp-json\/wp\/v2\/posts\/10211"}],"collection":[{"href":"https:\/\/magenarquitectos.com\/en\/wp-json\/wp\/v2\/posts"}],"about":[{"href":"https:\/\/magenarquitectos.com\/en\/wp-json\/wp\/v2\/types\/post"}],"author":[{"embeddable":true,"href":"https:\/\/magenarquitectos.com\/en\/wp-json\/wp\/v2\/users\/1"}],"replies":[{"embeddable":true,"href":"https:\/\/magenarquitectos.com\/en\/wp-json\/wp\/v2\/comments?post=10211"}],"version-history":[{"count":1,"href":"https:\/\/magenarquitectos.com\/en\/wp-json\/wp\/v2\/posts\/10211\/revisions"}],"predecessor-version":[{"id":12102,"href":"https:\/\/magenarquitectos.com\/en\/wp-json\/wp\/v2\/posts\/10211\/revisions\/12102"}],"wp:attachment":[{"href":"https:\/\/magenarquitectos.com\/en\/wp-json\/wp\/v2\/media?parent=10211"}],"wp:term":[{"taxonomy":"category","embeddable":true,"href":"https:\/\/magenarquitectos.com\/en\/wp-json\/wp\/v2\/categories?post=10211"},{"taxonomy":"post_tag","embeddable":true,"href":"https:\/\/magenarquitectos.com\/en\/wp-json\/wp\/v2\/tags?post=10211"}],"curies":[{"name":"wp","href":"https:\/\/api.w.org\/{rel}","templated":true}]}}