{"id":10220,"date":"2020-08-24T10:53:55","date_gmt":"2020-08-24T08:53:55","guid":{"rendered":"http:\/\/blog.magenarquitectos.com\/?p=10220"},"modified":"2021-06-17T09:13:45","modified_gmt":"2021-06-17T09:13:45","slug":"el-nuevo-auditorio-de-illueca-abrira-en-octubre-heraldo-de-aragon","status":"publish","type":"post","link":"https:\/\/magenarquitectos.com\/en\/el-nuevo-auditorio-de-illueca-abrira-en-octubre-heraldo-de-aragon\/","title":{"rendered":"&#8220;El nuevo Auditorio de Illueca abrir\u00e1 en octubre&#8221;. Heraldo de Arag\u00f3n"},"content":{"rendered":"<p>Art\u00edculo de M. L\u00f3pez\u00a0sobre el Auditorio de Illueca\u00a0en <a href=\"https:\/\/www.heraldo.es\/noticias\/aragon\/zaragoza\/2020\/08\/23\/el-nuevo-auditorio-de-illueca-abrira-en-octubre-tras-una-espera-de-tres-anos-1392101.html\" rel=\"nofollow noopener\" target=\"_blank\">Heraldo de Arag\u00f3n<\/a>.<\/p>\n<p><img loading=\"lazy\" class=\"alignleft size-full wp-image-10221\" src=\"https:\/\/magenarquitectos.com\/wp-content\/uploads\/2021\/06\/auditorio-illueca.jpg\" alt=\"Magen Arquitectos Zaragoza\" width=\"1181\" height=\"885\" title=\"\"><\/p>\n","protected":false},"excerpt":{"rendered":"<p>Art\u00edculo de M. L\u00f3pez\u00a0sobre el Auditorio de Illueca\u00a0en Heraldo de Arag\u00f3n.<\/p>\n","protected":false},"author":1,"featured_media":0,"comment_status":"open","ping_status":"open","sticky":false,"template":"","format":"standard","meta":{"_monsterinsights_skip_tracking":false,"_monsterinsights_sitenote_active":false,"_monsterinsights_sitenote_note":"","_monsterinsights_sitenote_category":0},"categories":[65,66],"tags":[115,106,221,74],"_links":{"self":[{"href":"https:\/\/magenarquitectos.com\/en\/wp-json\/wp\/v2\/posts\/10220"}],"collection":[{"href":"https:\/\/magenarquitectos.com\/en\/wp-json\/wp\/v2\/posts"}],"about":[{"href":"https:\/\/magenarquitectos.com\/en\/wp-json\/wp\/v2\/types\/post"}],"author":[{"embeddable":true,"href":"https:\/\/magenarquitectos.com\/en\/wp-json\/wp\/v2\/users\/1"}],"replies":[{"embeddable":true,"href":"https:\/\/magenarquitectos.com\/en\/wp-json\/wp\/v2\/comments?post=10220"}],"version-history":[{"count":1,"href":"https:\/\/magenarquitectos.com\/en\/wp-json\/wp\/v2\/posts\/10220\/revisions"}],"predecessor-version":[{"id":12097,"href":"https:\/\/magenarquitectos.com\/en\/wp-json\/wp\/v2\/posts\/10220\/revisions\/12097"}],"wp:attachment":[{"href":"https:\/\/magenarquitectos.com\/en\/wp-json\/wp\/v2\/media?parent=10220"}],"wp:term":[{"taxonomy":"category","embeddable":true,"href":"https:\/\/magenarquitectos.com\/en\/wp-json\/wp\/v2\/categories?post=10220"},{"taxonomy":"post_tag","embeddable":true,"href":"https:\/\/magenarquitectos.com\/en\/wp-json\/wp\/v2\/tags?post=10220"}],"curies":[{"name":"wp","href":"https:\/\/api.w.org\/{rel}","templated":true}]}}