{"id":10224,"date":"2020-09-08T17:57:08","date_gmt":"2020-09-08T15:57:08","guid":{"rendered":"http:\/\/blog.magenarquitectos.com\/?p=10224"},"modified":"2021-06-17T09:13:45","modified_gmt":"2021-06-17T09:13:45","slug":"en-construccion-reforma-y-ampliacion-de-la-facultad-de-filosofia-y-letras-universidad-de-zaragoza-6","status":"publish","type":"post","link":"https:\/\/magenarquitectos.com\/en\/en-construccion-reforma-y-ampliacion-de-la-facultad-de-filosofia-y-letras-universidad-de-zaragoza-6\/","title":{"rendered":"En construcci\u00f3n: Reforma y Ampliaci\u00f3n de la Facultad de Filosof\u00eda y Letras. Universidad de Zaragoza."},"content":{"rendered":"<p><img loading=\"lazy\" class=\"alignleft size-full wp-image-10225\" src=\"https:\/\/magenarquitectos.com\/wp-content\/uploads\/2021\/06\/filosofia_0809.jpg\" alt=\"Magen Arquitectos Zaragoza\" width=\"1240\" height=\"734\" title=\"\"><\/p>\n<p>+info: <a href=\"http:\/\/magenarquitectos.com\/facultad-de-filosofia-y-letras-universidad-de-zaragoza\/\">Facultad de Filosof\u00eda y Letras<\/a>, <a href=\"http:\/\/english.magenarquitectos.com\/philosophy-faculty-university-of-zaragoza\/\">Philosophy Faculty<\/a><\/p>\n","protected":false},"excerpt":{"rendered":"<p>+info: Facultad de Filosof\u00eda y Letras, Philosophy Faculty<\/p>\n","protected":false},"author":1,"featured_media":0,"comment_status":"open","ping_status":"open","sticky":false,"template":"","format":"standard","meta":{"_monsterinsights_skip_tracking":false,"_monsterinsights_sitenote_active":false,"_monsterinsights_sitenote_note":"","_monsterinsights_sitenote_category":0},"categories":[97,65,139,117],"tags":[115,80,140,225,93,94,166,74],"_links":{"self":[{"href":"https:\/\/magenarquitectos.com\/en\/wp-json\/wp\/v2\/posts\/10224"}],"collection":[{"href":"https:\/\/magenarquitectos.com\/en\/wp-json\/wp\/v2\/posts"}],"about":[{"href":"https:\/\/magenarquitectos.com\/en\/wp-json\/wp\/v2\/types\/post"}],"author":[{"embeddable":true,"href":"https:\/\/magenarquitectos.com\/en\/wp-json\/wp\/v2\/users\/1"}],"replies":[{"embeddable":true,"href":"https:\/\/magenarquitectos.com\/en\/wp-json\/wp\/v2\/comments?post=10224"}],"version-history":[{"count":1,"href":"https:\/\/magenarquitectos.com\/en\/wp-json\/wp\/v2\/posts\/10224\/revisions"}],"predecessor-version":[{"id":12094,"href":"https:\/\/magenarquitectos.com\/en\/wp-json\/wp\/v2\/posts\/10224\/revisions\/12094"}],"wp:attachment":[{"href":"https:\/\/magenarquitectos.com\/en\/wp-json\/wp\/v2\/media?parent=10224"}],"wp:term":[{"taxonomy":"category","embeddable":true,"href":"https:\/\/magenarquitectos.com\/en\/wp-json\/wp\/v2\/categories?post=10224"},{"taxonomy":"post_tag","embeddable":true,"href":"https:\/\/magenarquitectos.com\/en\/wp-json\/wp\/v2\/tags?post=10224"}],"curies":[{"name":"wp","href":"https:\/\/api.w.org\/{rel}","templated":true}]}}