{"id":10228,"date":"2020-10-05T16:24:26","date_gmt":"2020-10-05T14:24:26","guid":{"rendered":"http:\/\/blog.magenarquitectos.com\/?p=10228"},"modified":"2022-02-02T16:13:42","modified_gmt":"2022-02-02T16:13:42","slug":"dia-mundial-de-la-arquitectura-aragon-radio","status":"publish","type":"post","link":"https:\/\/magenarquitectos.com\/en\/dia-mundial-de-la-arquitectura-aragon-radio\/","title":{"rendered":"D\u00eda Mundial de la Arquitectura. Arag\u00f3n Radio"},"content":{"rendered":"<p>En el D\u00eda Mundial de la Arquitectura, Jaime Mag\u00e9n interviene en la secci\u00f3n Unidad M\u00f3vil de\u00a0<a href=\"https:\/\/www.cartv.es\/aragonradio\/a-la-carta\/despierta-aragon\" rel=\"nofollow noopener\" target=\"_blank\">Despierta Arag\u00f3n<\/a>, de Arag\u00f3n Radio, para presentar dos obras de referencia de la Arquitectura en Arag\u00f3n, el edificio de \u00a0viviendas en Isabel la Cat\u00f3lica, de Cisneros y Romero, y el Caixaforum, de Carme Pin\u00f3s.<\/p>\n<p><img loading=\"lazy\" class=\"alignleft size-full wp-image-10232\" src=\"https:\/\/magenarquitectos.com\/wp-content\/uploads\/2021\/06\/ATT00115.jpg\" alt=\"Magen Arquitectos Zaragoza\" width=\"1125\" height=\"1068\" title=\"\"><\/p>\n","protected":false},"excerpt":{"rendered":"<p>En el D\u00eda Mundial de la Arquitectura, Jaime Mag\u00e9n interviene en la secci\u00f3n Unidad M\u00f3vil de\u00a0Despierta Arag\u00f3n, de Arag\u00f3n Radio, para presentar dos obras de referencia de la Arquitectura en Arag\u00f3n, el edificio de \u00a0viviendas en Isabel la Cat\u00f3lica, de Cisneros y Romero, y el Caixaforum, de Carme Pin\u00f3s.<\/p>\n","protected":false},"author":1,"featured_media":0,"comment_status":"open","ping_status":"open","sticky":false,"template":"","format":"standard","meta":{"_monsterinsights_skip_tracking":false,"_monsterinsights_sitenote_active":false,"_monsterinsights_sitenote_note":"","_monsterinsights_sitenote_category":0},"categories":[196,146],"tags":[115,74],"_links":{"self":[{"href":"https:\/\/magenarquitectos.com\/en\/wp-json\/wp\/v2\/posts\/10228"}],"collection":[{"href":"https:\/\/magenarquitectos.com\/en\/wp-json\/wp\/v2\/posts"}],"about":[{"href":"https:\/\/magenarquitectos.com\/en\/wp-json\/wp\/v2\/types\/post"}],"author":[{"embeddable":true,"href":"https:\/\/magenarquitectos.com\/en\/wp-json\/wp\/v2\/users\/1"}],"replies":[{"embeddable":true,"href":"https:\/\/magenarquitectos.com\/en\/wp-json\/wp\/v2\/comments?post=10228"}],"version-history":[{"count":2,"href":"https:\/\/magenarquitectos.com\/en\/wp-json\/wp\/v2\/posts\/10228\/revisions"}],"predecessor-version":[{"id":14964,"href":"https:\/\/magenarquitectos.com\/en\/wp-json\/wp\/v2\/posts\/10228\/revisions\/14964"}],"wp:attachment":[{"href":"https:\/\/magenarquitectos.com\/en\/wp-json\/wp\/v2\/media?parent=10228"}],"wp:term":[{"taxonomy":"category","embeddable":true,"href":"https:\/\/magenarquitectos.com\/en\/wp-json\/wp\/v2\/categories?post=10228"},{"taxonomy":"post_tag","embeddable":true,"href":"https:\/\/magenarquitectos.com\/en\/wp-json\/wp\/v2\/tags?post=10228"}],"curies":[{"name":"wp","href":"https:\/\/api.w.org\/{rel}","templated":true}]}}