{"id":10240,"date":"2020-11-11T12:09:18","date_gmt":"2020-11-11T11:09:18","guid":{"rendered":"http:\/\/blog.magenarquitectos.com\/?p=10240"},"modified":"2021-06-17T10:45:15","modified_gmt":"2021-06-17T10:45:15","slug":"curso-la-direccion-de-obra-objetivos-competencias-y-responsabilidades-coaa","status":"publish","type":"post","link":"https:\/\/magenarquitectos.com\/en\/curso-la-direccion-de-obra-objetivos-competencias-y-responsabilidades-coaa\/","title":{"rendered":"Curso &#8220;La Direcci\u00f3n de Obra: objetivos, competencias y responsabilidades&#8221;. COAA."},"content":{"rendered":"<p>Jaime Mag\u00e9n imparte, junto con Fernando Kurtz, el curso &#8220;La Direcci\u00f3n de Obra: objetivos, competencias y responsabilidades&#8221; en el Colegio Oficial de Arquitectos de Arag\u00f3n los d\u00edas 10 y 11 de noviembre de 2020. El curso propone el an\u00e1lisis tanto de las estrategias necesarias para la materializaci\u00f3n del proyecto y de las relaciones con todos los agentes implicados en la obra, como el entorno legislativo y las responsabilidades profesionales.<img loading=\"lazy\" class=\"alignleft wp-image-10241\" src=\"https:\/\/magenarquitectos.com\/wp-content\/uploads\/2021\/06\/curso_obra.jpg\" alt=\"Magen Arquitectos Zaragoza\" width=\"880\" height=\"1197\" title=\"\"><\/p>\n","protected":false},"excerpt":{"rendered":"<p>Jaime Mag\u00e9n imparte, junto con Fernando Kurtz, el curso &#8220;La Direcci\u00f3n de Obra: objetivos, competencias y responsabilidades&#8221; en el Colegio Oficial de Arquitectos de Arag\u00f3n los d\u00edas 10 y 11 de noviembre de 2020. El curso propone el an\u00e1lisis tanto de las estrategias necesarias para la materializaci\u00f3n del proyecto y de las relaciones con todos [&hellip;]<\/p>\n","protected":false},"author":1,"featured_media":0,"comment_status":"open","ping_status":"open","sticky":false,"template":"","format":"standard","meta":{"_monsterinsights_skip_tracking":false,"_monsterinsights_sitenote_active":false,"_monsterinsights_sitenote_note":"","_monsterinsights_sitenote_category":0},"categories":[164,165],"tags":[115,74],"_links":{"self":[{"href":"https:\/\/magenarquitectos.com\/en\/wp-json\/wp\/v2\/posts\/10240"}],"collection":[{"href":"https:\/\/magenarquitectos.com\/en\/wp-json\/wp\/v2\/posts"}],"about":[{"href":"https:\/\/magenarquitectos.com\/en\/wp-json\/wp\/v2\/types\/post"}],"author":[{"embeddable":true,"href":"https:\/\/magenarquitectos.com\/en\/wp-json\/wp\/v2\/users\/1"}],"replies":[{"embeddable":true,"href":"https:\/\/magenarquitectos.com\/en\/wp-json\/wp\/v2\/comments?post=10240"}],"version-history":[{"count":2,"href":"https:\/\/magenarquitectos.com\/en\/wp-json\/wp\/v2\/posts\/10240\/revisions"}],"predecessor-version":[{"id":16714,"href":"https:\/\/magenarquitectos.com\/en\/wp-json\/wp\/v2\/posts\/10240\/revisions\/16714"}],"wp:attachment":[{"href":"https:\/\/magenarquitectos.com\/en\/wp-json\/wp\/v2\/media?parent=10240"}],"wp:term":[{"taxonomy":"category","embeddable":true,"href":"https:\/\/magenarquitectos.com\/en\/wp-json\/wp\/v2\/categories?post=10240"},{"taxonomy":"post_tag","embeddable":true,"href":"https:\/\/magenarquitectos.com\/en\/wp-json\/wp\/v2\/tags?post=10240"}],"curies":[{"name":"wp","href":"https:\/\/api.w.org\/{rel}","templated":true}]}}