{"id":10268,"date":"2020-11-24T10:00:59","date_gmt":"2020-11-24T09:00:59","guid":{"rendered":"http:\/\/blog.magenarquitectos.com\/?p=10268"},"modified":"2021-06-17T10:45:15","modified_gmt":"2021-06-17T10:45:15","slug":"exposicion-construyendo-ciencia-y-salud-upna","status":"publish","type":"post","link":"https:\/\/magenarquitectos.com\/en\/exposicion-construyendo-ciencia-y-salud-upna\/","title":{"rendered":"Exposici\u00f3n &#8220;Construyendo ciencia y salud&#8221;. UPNA."},"content":{"rendered":"<p>La Universidad P\u00fablica de Navarra (UPNA), en colaboraci\u00f3n con el Gobierno de Navarra y el Ayuntamiento de Pamplona, acoge en El Sario \u201cConstruyendo ciencia y salud\u201d, una exposici\u00f3n de los diez mejores proyectos arquitect\u00f3nicos presentados al concurso para construir la nueva Facultad de Ciencias de la Salud, entre los que se encuentra la propuesta de la UTE Barcos y Enr\u00edquez &#8211; Mag\u00e9n Arquitectos, presentada bajo el lema BIKOITZ, que obtuvo un Acc\u00e9sit, al resultar la tercera mejor valorada por el jurado. La muestra puede visitarse hasta el pr\u00f3ximo 18 de diciembre, de lunes a viernes, en horario de 9:00 a 21:00 horas.<\/p>\n<p><img loading=\"lazy\" class=\"alignleft size-full wp-image-10262\" src=\"https:\/\/magenarquitectos.com\/wp-content\/uploads\/2021\/06\/Expo-edificios-Salud-grande.jpg\" alt=\"Expo-edificios-Salud-grande\" width=\"886\" height=\"591\" title=\"\"><\/p>\n<p>+info: <a href=\"http:\/\/magenarquitectos.com\/facultad-ciencias-salud-universidad-publica-de-navarra\/\">Facultad de Ciencias de la Salud<\/a>, <a href=\"http:\/\/english.magenarquitectos.com\/health-sciences-faculty-public-university-of-navarra\/\">Health Sciences faculty<\/a><\/p>\n","protected":false},"excerpt":{"rendered":"<p>La Universidad P\u00fablica de Navarra (UPNA), en colaboraci\u00f3n con el Gobierno de Navarra y el Ayuntamiento de Pamplona, acoge en El Sario \u201cConstruyendo ciencia y salud\u201d, una exposici\u00f3n de los diez mejores proyectos arquitect\u00f3nicos presentados al concurso para construir la nueva Facultad de Ciencias de la Salud, entre los que se encuentra la propuesta de [&hellip;]<\/p>\n","protected":false},"author":1,"featured_media":0,"comment_status":"open","ping_status":"open","sticky":false,"template":"","format":"standard","meta":{"_monsterinsights_skip_tracking":false,"_monsterinsights_sitenote_active":false,"_monsterinsights_sitenote_note":"","_monsterinsights_sitenote_category":0},"categories":[202,75,139,204,69],"tags":[115,80,140,82,83,166,74],"_links":{"self":[{"href":"https:\/\/magenarquitectos.com\/en\/wp-json\/wp\/v2\/posts\/10268"}],"collection":[{"href":"https:\/\/magenarquitectos.com\/en\/wp-json\/wp\/v2\/posts"}],"about":[{"href":"https:\/\/magenarquitectos.com\/en\/wp-json\/wp\/v2\/types\/post"}],"author":[{"embeddable":true,"href":"https:\/\/magenarquitectos.com\/en\/wp-json\/wp\/v2\/users\/1"}],"replies":[{"embeddable":true,"href":"https:\/\/magenarquitectos.com\/en\/wp-json\/wp\/v2\/comments?post=10268"}],"version-history":[{"count":1,"href":"https:\/\/magenarquitectos.com\/en\/wp-json\/wp\/v2\/posts\/10268\/revisions"}],"predecessor-version":[{"id":12073,"href":"https:\/\/magenarquitectos.com\/en\/wp-json\/wp\/v2\/posts\/10268\/revisions\/12073"}],"wp:attachment":[{"href":"https:\/\/magenarquitectos.com\/en\/wp-json\/wp\/v2\/media?parent=10268"}],"wp:term":[{"taxonomy":"category","embeddable":true,"href":"https:\/\/magenarquitectos.com\/en\/wp-json\/wp\/v2\/categories?post=10268"},{"taxonomy":"post_tag","embeddable":true,"href":"https:\/\/magenarquitectos.com\/en\/wp-json\/wp\/v2\/tags?post=10268"}],"curies":[{"name":"wp","href":"https:\/\/api.w.org\/{rel}","templated":true}]}}