{"id":10274,"date":"2020-12-03T10:00:55","date_gmt":"2020-12-03T09:00:55","guid":{"rendered":"http:\/\/blog.magenarquitectos.com\/?p=10274"},"modified":"2021-06-17T10:45:15","modified_gmt":"2021-06-17T10:45:15","slug":"francolopez-en-heraldo-de-aragon","status":"publish","type":"post","link":"https:\/\/magenarquitectos.com\/en\/francolopez-en-heraldo-de-aragon\/","title":{"rendered":"Franco&#038;L\u00f3pez, en Heraldo de Arag\u00f3n"},"content":{"rendered":"<p>El edificio de 51 viviendas en la calle Franco y L\u00f3pez, promovido por Avantespacia y proyectado por Mag\u00e9n Arquitectos, fue incluido en el Especial &#8220;Obra Nueva&#8221; de Heraldo de Arag\u00f3n.<\/p>\n<p><img loading=\"lazy\" class=\"alignleft size-full wp-image-10275\" src=\"https:\/\/magenarquitectos.com\/wp-content\/uploads\/2021\/06\/franco_y_lopez.jpg\" alt=\"Magen Arquitectos Zaragoza\" width=\"1181\" height=\"1421\" title=\"\"><\/p>\n","protected":false},"excerpt":{"rendered":"<p>El edificio de 51 viviendas en la calle Franco y L\u00f3pez, promovido por Avantespacia y proyectado por Mag\u00e9n Arquitectos, fue incluido en el Especial &#8220;Obra Nueva&#8221; de Heraldo de Arag\u00f3n.<\/p>\n","protected":false},"author":1,"featured_media":0,"comment_status":"open","ping_status":"open","sticky":false,"template":"","format":"standard","meta":{"_monsterinsights_skip_tracking":false,"_monsterinsights_sitenote_active":false,"_monsterinsights_sitenote_note":"","_monsterinsights_sitenote_category":0},"categories":[95],"tags":[115,96,74],"_links":{"self":[{"href":"https:\/\/magenarquitectos.com\/en\/wp-json\/wp\/v2\/posts\/10274"}],"collection":[{"href":"https:\/\/magenarquitectos.com\/en\/wp-json\/wp\/v2\/posts"}],"about":[{"href":"https:\/\/magenarquitectos.com\/en\/wp-json\/wp\/v2\/types\/post"}],"author":[{"embeddable":true,"href":"https:\/\/magenarquitectos.com\/en\/wp-json\/wp\/v2\/users\/1"}],"replies":[{"embeddable":true,"href":"https:\/\/magenarquitectos.com\/en\/wp-json\/wp\/v2\/comments?post=10274"}],"version-history":[{"count":1,"href":"https:\/\/magenarquitectos.com\/en\/wp-json\/wp\/v2\/posts\/10274\/revisions"}],"predecessor-version":[{"id":12064,"href":"https:\/\/magenarquitectos.com\/en\/wp-json\/wp\/v2\/posts\/10274\/revisions\/12064"}],"wp:attachment":[{"href":"https:\/\/magenarquitectos.com\/en\/wp-json\/wp\/v2\/media?parent=10274"}],"wp:term":[{"taxonomy":"category","embeddable":true,"href":"https:\/\/magenarquitectos.com\/en\/wp-json\/wp\/v2\/categories?post=10274"},{"taxonomy":"post_tag","embeddable":true,"href":"https:\/\/magenarquitectos.com\/en\/wp-json\/wp\/v2\/tags?post=10274"}],"curies":[{"name":"wp","href":"https:\/\/api.w.org\/{rel}","templated":true}]}}