{"id":10277,"date":"2020-12-09T10:00:30","date_gmt":"2020-12-09T09:00:30","guid":{"rendered":"http:\/\/blog.magenarquitectos.com\/?p=10277"},"modified":"2021-06-17T10:45:15","modified_gmt":"2021-06-17T10:45:15","slug":"la-ampliacion-del-ies-torre-de-los-espejos-premiada-en-el-trofeo-ricardo-magdalena","status":"publish","type":"post","link":"https:\/\/magenarquitectos.com\/en\/la-ampliacion-del-ies-torre-de-los-espejos-premiada-en-el-trofeo-ricardo-magdalena\/","title":{"rendered":"La Ampliaci\u00f3n del IES Torre de los Espejos, premiada en el Trofeo Ricardo Magdalena"},"content":{"rendered":"<p>La Ampliaci\u00f3n del IES Torre de los Espejos en Utebo ha sido premiada con una Menci\u00f3n Especial en el XLI Trofeo Ricardo Magdalena.<\/p>\n<p>Extension of Secondary School Torre de los Espejos en Utebo, awarded with a Spetial Menction\u00a0in XLI Prize Ricardo Magdalena.<\/p>\n<p><img loading=\"lazy\" class=\"alignleft size-full wp-image-10278\" src=\"https:\/\/magenarquitectos.com\/wp-content\/uploads\/2021\/06\/iNSTITUTO-UTEBO-013.jpg\" alt=\"iNSTITUTO UTEBO-013\" width=\"1181\" height=\"787\" title=\"\"><\/p>\n<p>+info: <a href=\"http:\/\/magenarquitectos.com\/ampliacion-instituto-torre-espejos-utebo\/\">Ampliacion IES Torre de los Espejos<\/a>, <a href=\"http:\/\/english.magenarquitectos.com\/extension-of-torre-de-los-espejos-high-school\/\">Extension Torre de los Espejos High School\u00a0<\/a><\/p>\n","protected":false},"excerpt":{"rendered":"<p>La Ampliaci\u00f3n del IES Torre de los Espejos en Utebo ha sido premiada con una Menci\u00f3n Especial en el XLI Trofeo Ricardo Magdalena. Extension of Secondary School Torre de los Espejos en Utebo, awarded with a Spetial Menction\u00a0in XLI Prize Ricardo Magdalena. +info: Ampliacion IES Torre de los Espejos, Extension Torre de los Espejos High [&hellip;]<\/p>\n","protected":false},"author":1,"featured_media":0,"comment_status":"open","ping_status":"open","sticky":false,"template":"","format":"standard","meta":{"_monsterinsights_skip_tracking":false,"_monsterinsights_sitenote_active":false,"_monsterinsights_sitenote_note":"","_monsterinsights_sitenote_category":0},"categories":[195,139,113],"tags":[115,62,80,140,70,74],"_links":{"self":[{"href":"https:\/\/magenarquitectos.com\/en\/wp-json\/wp\/v2\/posts\/10277"}],"collection":[{"href":"https:\/\/magenarquitectos.com\/en\/wp-json\/wp\/v2\/posts"}],"about":[{"href":"https:\/\/magenarquitectos.com\/en\/wp-json\/wp\/v2\/types\/post"}],"author":[{"embeddable":true,"href":"https:\/\/magenarquitectos.com\/en\/wp-json\/wp\/v2\/users\/1"}],"replies":[{"embeddable":true,"href":"https:\/\/magenarquitectos.com\/en\/wp-json\/wp\/v2\/comments?post=10277"}],"version-history":[{"count":1,"href":"https:\/\/magenarquitectos.com\/en\/wp-json\/wp\/v2\/posts\/10277\/revisions"}],"predecessor-version":[{"id":12059,"href":"https:\/\/magenarquitectos.com\/en\/wp-json\/wp\/v2\/posts\/10277\/revisions\/12059"}],"wp:attachment":[{"href":"https:\/\/magenarquitectos.com\/en\/wp-json\/wp\/v2\/media?parent=10277"}],"wp:term":[{"taxonomy":"category","embeddable":true,"href":"https:\/\/magenarquitectos.com\/en\/wp-json\/wp\/v2\/categories?post=10277"},{"taxonomy":"post_tag","embeddable":true,"href":"https:\/\/magenarquitectos.com\/en\/wp-json\/wp\/v2\/tags?post=10277"}],"curies":[{"name":"wp","href":"https:\/\/api.w.org\/{rel}","templated":true}]}}