{"id":10288,"date":"2021-01-04T09:30:00","date_gmt":"2021-01-04T08:30:00","guid":{"rendered":"http:\/\/blog.magenarquitectos.com\/?p=10288"},"modified":"2021-06-17T10:45:15","modified_gmt":"2021-06-17T10:45:15","slug":"2020-resumen-grafico","status":"publish","type":"post","link":"https:\/\/magenarquitectos.com\/en\/2020-resumen-grafico\/","title":{"rendered":"2020. Resumen gr\u00e1fico"},"content":{"rendered":"<p>&nbsp;<\/p>\n<p><img loading=\"lazy\" class=\"alignleft size-full wp-image-10291\" src=\"https:\/\/magenarquitectos.com\/wp-content\/uploads\/2021\/06\/2020_res-1.jpg\" alt=\"Magen Arquitectos Zaragoza\" width=\"1667\" height=\"1499\" title=\"\"><\/p>\n<p><strong>(1)<\/strong>\u00a0La <a href=\"http:\/\/magenarquitectos.com\/c-e-i-arcosur\/\">Escuela Infantil Arcosur<\/a>, seleccionado en los Premios FAD 2020 de Arquitectura y Dise\u00f1o\u00a0<a href=\"http:\/\/blog.magenarquitectos.com\/2020\/05\/13\/el-centro-de-educacion-infantil-arcosur-ha-sido-seleccionado-en-los-premios-fad-2020\/\">[ir]<\/a>\u00a0 \/\u00a0<a href=\"http:\/\/english.magenarquitectos.com\/kindergarten-arcosur\/\">Kindergarten Arcosur<\/a>\u00a0selected in FAD 2020 Awards\u00a0<a href=\"http:\/\/blog.magenarquitectos.com\/2020\/05\/13\/el-centro-de-educacion-infantil-arcosur-ha-sido-seleccionado-en-los-premios-fad-2020\/\">[go]<\/a>\u00a0.<\/p>\n<p><strong>(2)<\/strong> La Rehabilitaci\u00f3n de los <a href=\"http:\/\/magenarquitectos.com\/rehabilitacion-de-los-juzgados-de-sota-zaragoza\/\">Juzgados de Alejandro de la Sota en Zaragoza<\/a>, publicada en Metalocus\u00a0<a href=\"http:\/\/blog.magenarquitectos.com\/2020\/12\/14\/la-rehabilitacion-de-los-juzgados-de-zaragoza-publicada-en-metalocus\/\">[ir]<\/a> \/ Finished renovation works in <a href=\"http:\/\/english.magenarquitectos.com\/renovation-of-courthouse-by-alejandro-de-la-sota-zaragoza\/\">Law Courts by Alejandro de la Sota in Zaragoza<\/a>\u00a0<a href=\"http:\/\/blog.magenarquitectos.com\/2020\/12\/14\/la-rehabilitacion-de-los-juzgados-de-zaragoza-publicada-en-metalocus\/\">[go]<\/a><\/p>\n<p><strong>(3)<\/strong>\u00a0La propuesta<a href=\"http:\/\/magenarquitectos.com\/facultad-ciencias-salud-universidad-publica-de-navarra\/\"> BIKOITZ<\/a>, de Mag\u00e9n Arquitectos y Barcos y Enr\u00edquez Arquitectos, obtiene un Acc\u00e9sit (3\u00ba clasificado) en el Concurso de Ideas para la Nueva Facultad de Ciencias de la Salud de la Universidad P\u00fablica de Navarra <a href=\"http:\/\/blog.magenarquitectos.com\/2020\/07\/29\/accesit-tercer-clasificado-en-el-concurso-nacional-de-ideas-para-la-facultad-de-ciencias-de-la-salud-de-la-upna\/\">[ir]<\/a> \/ <a href=\"http:\/\/english.magenarquitectos.com\/health-sciences-faculty-public-university-of-navarra\/\">BIKOITZ<\/a>, proposal by Magen Arquitectos and Barcos y Enriquez Arquitectos, receives an Accesit (3rd Prize) in Ideas Competition for Health Sciences Faculty of UPNA <a href=\"http:\/\/blog.magenarquitectos.com\/2020\/07\/29\/accesit-tercer-clasificado-en-el-concurso-nacional-de-ideas-para-la-facultad-de-ciencias-de-la-salud-de-la-upna\/\">[go]<\/a><\/p>\n<p><strong>(4)<\/strong>\u00a0Finalizadas las obras del <a href=\"http:\/\/magenarquitectos.com\/auditorio-de-illueca\/\">Auditorio de Illueca<\/a> \/ Finished works of <a href=\"http:\/\/english.magenarquitectos.com\/illueca-auditorium\/\">Auditorium in Illueca<\/a><\/p>\n<p><strong>(5)<\/strong> <a href=\"http:\/\/magenarquitectos.com\/c-e-i-arcosur\/\">Escuela Infantil Arcosur<\/a>\u00a0publicada en la revista Bauwelt\u00a0<a href=\"http:\/\/blog.magenarquitectos.com\/2020\/02\/03\/el-centro-de-educacion-infantil-arcosur-publicado-en-bauwelt-magazine\/\">[ir]<\/a> \/ <a href=\"http:\/\/english.magenarquitectos.com\/kindergarten-arcosur\/\">Kindergarten Arcosur<\/a>\u00a0published in Bauwelt\u00a0<a href=\"http:\/\/blog.magenarquitectos.com\/2020\/02\/03\/el-centro-de-educacion-infantil-arcosur-publicado-en-bauwelt-magazine\/\">[go]<\/a><\/p>\n<p><strong>(6)<\/strong>\u00a0La oficina\u00a0<a href=\"http:\/\/magenarquitectos.com\/arquia-banca-zaragoza\/\">Arquia Banca en Zaragoza<\/a>, publicada en la revista ON Dise\u00f1o\u00a0<a href=\"http:\/\/blog.magenarquitectos.com\/2020\/06\/02\/arquia-banca-publicada-en-on-diseno-no-394-espacios-de-trabajo\/\">[ir]<\/a>\/ <a href=\"http:\/\/english.magenarquitectos.com\/arquia-banca-zaragoza\/\">Arquia Banca in Zaragoza<\/a>\u00a0office, published in magazine ON Dise\u00f1o\u00a0<a href=\"http:\/\/blog.magenarquitectos.com\/2020\/06\/02\/arquia-banca-publicada-en-on-diseno-no-394-espacios-de-trabajo\/\">[go]<\/a><\/p>\n<p><strong>(7)<\/strong>\u00a0La <a href=\"http:\/\/magenarquitectos.com\/ampliacion-instituto-torre-espejos-utebo\/\">Ampliaci\u00f3n del IES Torre de los Espejos<\/a>, premiada en el \u00a0XLI Trofeo Ricardo Magdalena <a href=\"http:\/\/blog.magenarquitectos.com\/2020\/12\/09\/la-ampliacion-del-ies-torre-de-los-espejos-premiada-en-el-trofeo-ricardo-magdalena\/\">[ir]<\/a>\u00a0\/\u00a0<a href=\"http:\/\/english.magenarquitectos.com\/extension-of-torre-de-los-espejos-high-school\/\">Extension of Torre de los Espejos High School<\/a>, awarded inXLI Ricardo Magdalena Trophy\u00a0<a href=\"http:\/\/blog.magenarquitectos.com\/2020\/12\/09\/la-ampliacion-del-ies-torre-de-los-espejos-premiada-en-el-trofeo-ricardo-magdalena\/\">[go]<\/a><\/p>\n<p>&nbsp;<\/p>\n","protected":false},"excerpt":{"rendered":"<p>&nbsp; (1)\u00a0La Escuela Infantil Arcosur, seleccionado en los Premios FAD 2020 de Arquitectura y Dise\u00f1o\u00a0[ir]\u00a0 \/\u00a0Kindergarten Arcosur\u00a0selected in FAD 2020 Awards\u00a0[go]\u00a0. (2) La Rehabilitaci\u00f3n de los Juzgados de Alejandro de la Sota en Zaragoza, publicada en Metalocus\u00a0[ir] \/ Finished renovation works in Law Courts by Alejandro de la Sota in Zaragoza\u00a0[go] (3)\u00a0La propuesta BIKOITZ, de [&hellip;]<\/p>\n","protected":false},"author":1,"featured_media":0,"comment_status":"open","ping_status":"open","sticky":false,"template":"","format":"standard","meta":{"_monsterinsights_skip_tracking":false,"_monsterinsights_sitenote_active":false,"_monsterinsights_sitenote_note":"","_monsterinsights_sitenote_category":0},"categories":[86,195,175,200,220,202,75,196,76,212,213,164,77,78,97,65,66,67,139,223,132,204,69,125,130,217,113,90,194,92,131,165,146,95,117],"tags":[115,62,80,140,141,142,70,93,94,82,83,74],"_links":{"self":[{"href":"https:\/\/magenarquitectos.com\/en\/wp-json\/wp\/v2\/posts\/10288"}],"collection":[{"href":"https:\/\/magenarquitectos.com\/en\/wp-json\/wp\/v2\/posts"}],"about":[{"href":"https:\/\/magenarquitectos.com\/en\/wp-json\/wp\/v2\/types\/post"}],"author":[{"embeddable":true,"href":"https:\/\/magenarquitectos.com\/en\/wp-json\/wp\/v2\/users\/1"}],"replies":[{"embeddable":true,"href":"https:\/\/magenarquitectos.com\/en\/wp-json\/wp\/v2\/comments?post=10288"}],"version-history":[{"count":1,"href":"https:\/\/magenarquitectos.com\/en\/wp-json\/wp\/v2\/posts\/10288\/revisions"}],"predecessor-version":[{"id":12050,"href":"https:\/\/magenarquitectos.com\/en\/wp-json\/wp\/v2\/posts\/10288\/revisions\/12050"}],"wp:attachment":[{"href":"https:\/\/magenarquitectos.com\/en\/wp-json\/wp\/v2\/media?parent=10288"}],"wp:term":[{"taxonomy":"category","embeddable":true,"href":"https:\/\/magenarquitectos.com\/en\/wp-json\/wp\/v2\/categories?post=10288"},{"taxonomy":"post_tag","embeddable":true,"href":"https:\/\/magenarquitectos.com\/en\/wp-json\/wp\/v2\/tags?post=10288"}],"curies":[{"name":"wp","href":"https:\/\/api.w.org\/{rel}","templated":true}]}}