{"id":10331,"date":"2021-03-23T09:00:25","date_gmt":"2021-03-23T08:00:25","guid":{"rendered":"http:\/\/blog.magenarquitectos.com\/?p=10331"},"modified":"2021-06-17T10:45:15","modified_gmt":"2021-06-17T10:45:15","slug":"la-rehabilitacion-de-los-juzgados-de-alejandro-de-la-sota-publicada-en-via-construccion","status":"publish","type":"post","link":"https:\/\/magenarquitectos.com\/en\/la-rehabilitacion-de-los-juzgados-de-alejandro-de-la-sota-publicada-en-via-construccion\/","title":{"rendered":"La Rehabilitaci\u00f3n de los Juzgados de Alejandro de la Sota, publicada en V\u00eda Construcci\u00f3n"},"content":{"rendered":"<p>La Rehabilitaci\u00f3n de los Juzgados de Alejandro de la Sota en Zaragoza, publicada en la revista de arquitectura &#8220;V\u00eda Construcci\u00f3n&#8221;, n\u00ba 153.<\/p>\n<p>Spanish architectural publication &#8220;Via Construcci\u00f3n&#8221; features the Renovation of Courthouse by Alejandro de la Sota in Zaragoza in its 153 issue.<\/p>\n<p><img loading=\"lazy\" class=\"alignleft size-full wp-image-10332\" src=\"https:\/\/magenarquitectos.com\/wp-content\/uploads\/2021\/06\/28-MAGEN.jpg\" alt=\"Magen Arquitectos Zaragoza\" width=\"1400\" height=\"1990\" title=\"\"><\/p>\n<p>+info: <a href=\"http:\/\/magenarquitectos.com\/rehabilitacion-de-los-juzgados-de-sota-zaragoza\/\">Rehabilitaci\u00f3n Juzgados<\/a>, <a href=\"http:\/\/english.magenarquitectos.com\/renovation-of-courthouse-by-alejandro-de-la-sota-zaragoza\/\">Courthouse Renovation<\/a><\/p>\n","protected":false},"excerpt":{"rendered":"<p>La Rehabilitaci\u00f3n de los Juzgados de Alejandro de la Sota en Zaragoza, publicada en la revista de arquitectura &#8220;V\u00eda Construcci\u00f3n&#8221;, n\u00ba 153. Spanish architectural publication &#8220;Via Construcci\u00f3n&#8221; features the Renovation of Courthouse by Alejandro de la Sota in Zaragoza in its 153 issue. +info: Rehabilitaci\u00f3n Juzgados, Courthouse Renovation<\/p>\n","protected":false},"author":1,"featured_media":0,"comment_status":"open","ping_status":"open","sticky":false,"template":"","format":"standard","meta":{"_monsterinsights_skip_tracking":false,"_monsterinsights_sitenote_active":false,"_monsterinsights_sitenote_note":"","_monsterinsights_sitenote_category":0},"categories":[77,90,194,92],"tags":[100,115,93,94,74],"_links":{"self":[{"href":"https:\/\/magenarquitectos.com\/en\/wp-json\/wp\/v2\/posts\/10331"}],"collection":[{"href":"https:\/\/magenarquitectos.com\/en\/wp-json\/wp\/v2\/posts"}],"about":[{"href":"https:\/\/magenarquitectos.com\/en\/wp-json\/wp\/v2\/types\/post"}],"author":[{"embeddable":true,"href":"https:\/\/magenarquitectos.com\/en\/wp-json\/wp\/v2\/users\/1"}],"replies":[{"embeddable":true,"href":"https:\/\/magenarquitectos.com\/en\/wp-json\/wp\/v2\/comments?post=10331"}],"version-history":[{"count":2,"href":"https:\/\/magenarquitectos.com\/en\/wp-json\/wp\/v2\/posts\/10331\/revisions"}],"predecessor-version":[{"id":14823,"href":"https:\/\/magenarquitectos.com\/en\/wp-json\/wp\/v2\/posts\/10331\/revisions\/14823"}],"wp:attachment":[{"href":"https:\/\/magenarquitectos.com\/en\/wp-json\/wp\/v2\/media?parent=10331"}],"wp:term":[{"taxonomy":"category","embeddable":true,"href":"https:\/\/magenarquitectos.com\/en\/wp-json\/wp\/v2\/categories?post=10331"},{"taxonomy":"post_tag","embeddable":true,"href":"https:\/\/magenarquitectos.com\/en\/wp-json\/wp\/v2\/tags?post=10331"}],"curies":[{"name":"wp","href":"https:\/\/api.w.org\/{rel}","templated":true}]}}