{"id":10334,"date":"2021-03-01T09:00:28","date_gmt":"2021-03-01T08:00:28","guid":{"rendered":"http:\/\/blog.magenarquitectos.com\/?p=10334"},"modified":"2021-06-17T10:45:15","modified_gmt":"2021-06-17T10:45:15","slug":"webinar-nueva-arquitectura-en-centros-educativos","status":"publish","type":"post","link":"https:\/\/magenarquitectos.com\/en\/webinar-nueva-arquitectura-en-centros-educativos\/","title":{"rendered":"Webinar: Nueva Arquitectura en centros educativos"},"content":{"rendered":"<p>El Grupo V\u00eda organiza el Webinar &#8220;Nueva Arquitectura en centros educativos&#8221; el pr\u00f3ximo 4 de marzo, con la participaci\u00f3n de Jaime Mag\u00e9n.<\/p>\n<p>&#8220;Con algunos de los principales expertos del sector de la arquitectura en centros educativos queremos conversar sobre c\u00f3mo est\u00e1n cambiando los centros educativos para adaptarse a la nueva situaci\u00f3n. Reducci\u00f3n del n\u00famero de alumnos por aula, uso de espacios exteriores, convivencia con la formaci\u00f3n online\u2026\u00bfEstamos ante un nuevo modelo de centro educativo? \u00bfColegios y facultades tienen la flexibilidad necesaria para adaptarse a esta nueva realidad? \u00bfEst\u00e1n preparados los centros para ofrecer confort ac\u00fastico, t\u00e9rmico y lum\u00ednico? \u00bfEn los nuevos proyectos de construcci\u00f3n de centros educativos se est\u00e1n teniendo en cuenta todos estos factores?&#8221;<\/p>\n<p><a href=\"https:\/\/www.grupovia.net\/2049-webinar-nueva-arquitectura-en-centros-educativos-04-marzo-2021\" rel=\"nofollow noopener\" target=\"_blank\">Inscripciones<\/a><\/p>\n<p><img loading=\"lazy\" class=\"alignleft size-full wp-image-10335\" src=\"https:\/\/magenarquitectos.com\/wp-content\/uploads\/2021\/06\/1_webinar_via.jpg\" alt=\"webinar_via\" width=\"1086\" height=\"1372\" title=\"\"><\/p>\n<p>&nbsp;<\/p>\n","protected":false},"excerpt":{"rendered":"<p>El Grupo V\u00eda organiza el Webinar &#8220;Nueva Arquitectura en centros educativos&#8221; el pr\u00f3ximo 4 de marzo, con la participaci\u00f3n de Jaime Mag\u00e9n. &#8220;Con algunos de los principales expertos del sector de la arquitectura en centros educativos queremos conversar sobre c\u00f3mo est\u00e1n cambiando los centros educativos para adaptarse a la nueva situaci\u00f3n. Reducci\u00f3n del n\u00famero de [&hellip;]<\/p>\n","protected":false},"author":1,"featured_media":0,"comment_status":"open","ping_status":"open","sticky":false,"template":"","format":"standard","meta":{"_monsterinsights_skip_tracking":false,"_monsterinsights_sitenote_active":false,"_monsterinsights_sitenote_note":"","_monsterinsights_sitenote_category":0},"categories":[196,65,139,217],"tags":[115,134,80,140,141,142,74],"_links":{"self":[{"href":"https:\/\/magenarquitectos.com\/en\/wp-json\/wp\/v2\/posts\/10334"}],"collection":[{"href":"https:\/\/magenarquitectos.com\/en\/wp-json\/wp\/v2\/posts"}],"about":[{"href":"https:\/\/magenarquitectos.com\/en\/wp-json\/wp\/v2\/types\/post"}],"author":[{"embeddable":true,"href":"https:\/\/magenarquitectos.com\/en\/wp-json\/wp\/v2\/users\/1"}],"replies":[{"embeddable":true,"href":"https:\/\/magenarquitectos.com\/en\/wp-json\/wp\/v2\/comments?post=10334"}],"version-history":[{"count":2,"href":"https:\/\/magenarquitectos.com\/en\/wp-json\/wp\/v2\/posts\/10334\/revisions"}],"predecessor-version":[{"id":15144,"href":"https:\/\/magenarquitectos.com\/en\/wp-json\/wp\/v2\/posts\/10334\/revisions\/15144"}],"wp:attachment":[{"href":"https:\/\/magenarquitectos.com\/en\/wp-json\/wp\/v2\/media?parent=10334"}],"wp:term":[{"taxonomy":"category","embeddable":true,"href":"https:\/\/magenarquitectos.com\/en\/wp-json\/wp\/v2\/categories?post=10334"},{"taxonomy":"post_tag","embeddable":true,"href":"https:\/\/magenarquitectos.com\/en\/wp-json\/wp\/v2\/tags?post=10334"}],"curies":[{"name":"wp","href":"https:\/\/api.w.org\/{rel}","templated":true}]}}