{"id":10345,"date":"2021-03-08T09:30:42","date_gmt":"2021-03-08T08:30:42","guid":{"rendered":"http:\/\/blog.magenarquitectos.com\/?p=10345"},"modified":"2021-06-17T10:45:15","modified_gmt":"2021-06-17T10:45:15","slug":"webinar-nueva-arquitectura-en-centros-educativos-conclusiones","status":"publish","type":"post","link":"https:\/\/magenarquitectos.com\/en\/webinar-nueva-arquitectura-en-centros-educativos-conclusiones\/","title":{"rendered":"Webinar: Nueva Arquitectura en centros educativos. Conclusiones."},"content":{"rendered":"<p>El Webinar \u201cNueva Arquitectura en Centros Educativos\u201d, al que se inscribieron cerca de 400 profesionales del sector, tuvo lugar la ma\u00f1ana del jueves 4 y han participado como ponentes Jugatx L\u00f3pez de LUIS VIDAL + ARQUITECTOS; S\u00edlvia Sasot de SILVIA SASOT; Cristina Rocher de ROSAN BOSCH STUDIO; B\u00e0rbara Balanz\u00f3 de BARCEL\u00d3 BALANZ\u00d3 ARQUITECTES; Jaime Mag\u00e9n de MAG\u00c9N ARQUITECTOS; Unai Cuadrado de ULMA ARCHITECTURAL SOLUTIONS y Mar\u00eda Mar\u00edn de AIRLITE. El webinar ha sido moderado por Jose G. Osorio de GRUPO V\u00cdA y ha contado con el patrocinio de Ulma Architectural Solutions y Airlite.<\/p>\n<p>M\u00e1s informaci\u00f3n y conclusiones en <a href=\"https:\/\/www.grupovia.net\/webinars\/2049-webinar-nueva-arquitectura-en-centros-educativos-04-marzo-2021\" rel=\"nofollow noopener\" target=\"_blank\">Grupo V\u00eda<\/a><\/p>\n<p><a href=\"https:\/\/www.youtube.com\/watch?v=nsgJgpxc5cg\" rel=\"nofollow noopener\" target=\"_blank\"><img loading=\"lazy\" class=\"alignleft wp-image-10346 size-full\" src=\"https:\/\/magenarquitectos.com\/wp-content\/uploads\/2021\/06\/webinar_via.jpg\" alt=\"Magen Arquitectos Zaragoza\" width=\"1181\" height=\"660\" title=\"\"><\/a><\/p>\n","protected":false},"excerpt":{"rendered":"<p>El Webinar \u201cNueva Arquitectura en Centros Educativos\u201d, al que se inscribieron cerca de 400 profesionales del sector, tuvo lugar la ma\u00f1ana del jueves 4 y han participado como ponentes Jugatx L\u00f3pez de LUIS VIDAL + ARQUITECTOS; S\u00edlvia Sasot de SILVIA SASOT; Cristina Rocher de ROSAN BOSCH STUDIO; B\u00e0rbara Balanz\u00f3 de BARCEL\u00d3 BALANZ\u00d3 ARQUITECTES; Jaime Mag\u00e9n [&hellip;]<\/p>\n","protected":false},"author":1,"featured_media":0,"comment_status":"open","ping_status":"open","sticky":false,"template":"","format":"standard","meta":{"_monsterinsights_skip_tracking":false,"_monsterinsights_sitenote_active":false,"_monsterinsights_sitenote_note":"","_monsterinsights_sitenote_category":0},"categories":[196,65,139,217,146],"tags":[115,134,80,140,141,142,176,74],"_links":{"self":[{"href":"https:\/\/magenarquitectos.com\/en\/wp-json\/wp\/v2\/posts\/10345"}],"collection":[{"href":"https:\/\/magenarquitectos.com\/en\/wp-json\/wp\/v2\/posts"}],"about":[{"href":"https:\/\/magenarquitectos.com\/en\/wp-json\/wp\/v2\/types\/post"}],"author":[{"embeddable":true,"href":"https:\/\/magenarquitectos.com\/en\/wp-json\/wp\/v2\/users\/1"}],"replies":[{"embeddable":true,"href":"https:\/\/magenarquitectos.com\/en\/wp-json\/wp\/v2\/comments?post=10345"}],"version-history":[{"count":1,"href":"https:\/\/magenarquitectos.com\/en\/wp-json\/wp\/v2\/posts\/10345\/revisions"}],"predecessor-version":[{"id":12017,"href":"https:\/\/magenarquitectos.com\/en\/wp-json\/wp\/v2\/posts\/10345\/revisions\/12017"}],"wp:attachment":[{"href":"https:\/\/magenarquitectos.com\/en\/wp-json\/wp\/v2\/media?parent=10345"}],"wp:term":[{"taxonomy":"category","embeddable":true,"href":"https:\/\/magenarquitectos.com\/en\/wp-json\/wp\/v2\/categories?post=10345"},{"taxonomy":"post_tag","embeddable":true,"href":"https:\/\/magenarquitectos.com\/en\/wp-json\/wp\/v2\/tags?post=10345"}],"curies":[{"name":"wp","href":"https:\/\/api.w.org\/{rel}","templated":true}]}}