{"id":10349,"date":"2021-03-10T09:00:45","date_gmt":"2021-03-10T08:00:45","guid":{"rendered":"http:\/\/blog.magenarquitectos.com\/?p=10349"},"modified":"2021-06-17T10:45:15","modified_gmt":"2021-06-17T10:45:15","slug":"el-auditorio-de-illueca-publicado-en-arquitectura-viva-no-232","status":"publish","type":"post","link":"https:\/\/magenarquitectos.com\/en\/el-auditorio-de-illueca-publicado-en-arquitectura-viva-no-232\/","title":{"rendered":"El Auditorio de Illueca, publicado en Arquitectura Viva n\u00ba 232"},"content":{"rendered":"<p>Arquitectura Viva incluye el Auditorio de Illueca en su n\u00ba 232, en el Dossier &#8220;Espa\u00f1a vac\u00eda&#8221;.<\/p>\n<p class=\"mdm_block\">&#8220;El fen\u00f3meno del vaciamiento del campo no es nuevo, ni se ci\u00f1e al caso espa\u00f1ol. (&#8230;) El problema es que, en Espa\u00f1a, el vaciamiento del campo \u2014r\u00e1pido y tard\u00edo\u2014, no se ha sabido frenar con esas medidas correctoras que tan eficaces han resultado ser en Francia, Alemania o Suiza: desde el fomento de un turismo \u2018rural\u2019 de calidad hasta la construcci\u00f3n de servicios y la subvenci\u00f3n de pol\u00edticas de contramigraci\u00f3n rural, pasando por la aplicaci\u00f3n de medidas muy restrictivas para la protecci\u00f3n del paisaje y el patrimonio.\u00a0(&#8230;)\u00a0Aunque el problema no pueda resolverse m\u00e1s que atendiendo a escalas y problemas complejos y variados, la arquitectura puede desempe\u00f1ar un papel en la revitalizaci\u00f3n de los yermos demogr\u00e1ficos de nuestro pa\u00eds. Tal sugieren, al menos, los ejemplos seleccionados en este dossier, todos ellos edificios situados en enclaves de la Espa\u00f1a interior y que atienden a programas y contextos diversos.&#8221; <em>Construyendo en la Espa\u00f1a vac\u00eda. Desolaci\u00f3n y esperanza.<\/em><\/p>\n<p class=\"mdm_block\">+info: <a href=\"http:\/\/magenarquitectos.com\/auditorio-de-illueca\/\">Auditorio de Illueca<\/a>, <a href=\"http:\/\/english.magenarquitectos.com\/illueca-auditorium\/\">Illueca Auditorium<\/a><\/p>\n<p class=\"mdm_block\"><img loading=\"lazy\" class=\"alignleft size-full wp-image-10353\" src=\"https:\/\/magenarquitectos.com\/wp-content\/uploads\/2021\/06\/arquitectura_viva_232-1.jpg\" alt=\"Magen Arquitectos Zaragoza\" width=\"1193\" height=\"1561\" title=\"\"><\/p>\n","protected":false},"excerpt":{"rendered":"<p>Arquitectura Viva incluye el Auditorio de Illueca en su n\u00ba 232, en el Dossier &#8220;Espa\u00f1a vac\u00eda&#8221;. &#8220;El fen\u00f3meno del vaciamiento del campo no es nuevo, ni se ci\u00f1e al caso espa\u00f1ol. (&#8230;) El problema es que, en Espa\u00f1a, el vaciamiento del campo \u2014r\u00e1pido y tard\u00edo\u2014, no se ha sabido frenar con esas medidas correctoras que [&hellip;]<\/p>\n","protected":false},"author":1,"featured_media":0,"comment_status":"open","ping_status":"open","sticky":false,"template":"","format":"standard","meta":{"_monsterinsights_skip_tracking":false,"_monsterinsights_sitenote_active":false,"_monsterinsights_sitenote_note":"","_monsterinsights_sitenote_category":0},"categories":[65,66,90,194],"tags":[115,106,221,89,74],"_links":{"self":[{"href":"https:\/\/magenarquitectos.com\/en\/wp-json\/wp\/v2\/posts\/10349"}],"collection":[{"href":"https:\/\/magenarquitectos.com\/en\/wp-json\/wp\/v2\/posts"}],"about":[{"href":"https:\/\/magenarquitectos.com\/en\/wp-json\/wp\/v2\/types\/post"}],"author":[{"embeddable":true,"href":"https:\/\/magenarquitectos.com\/en\/wp-json\/wp\/v2\/users\/1"}],"replies":[{"embeddable":true,"href":"https:\/\/magenarquitectos.com\/en\/wp-json\/wp\/v2\/comments?post=10349"}],"version-history":[{"count":1,"href":"https:\/\/magenarquitectos.com\/en\/wp-json\/wp\/v2\/posts\/10349\/revisions"}],"predecessor-version":[{"id":12011,"href":"https:\/\/magenarquitectos.com\/en\/wp-json\/wp\/v2\/posts\/10349\/revisions\/12011"}],"wp:attachment":[{"href":"https:\/\/magenarquitectos.com\/en\/wp-json\/wp\/v2\/media?parent=10349"}],"wp:term":[{"taxonomy":"category","embeddable":true,"href":"https:\/\/magenarquitectos.com\/en\/wp-json\/wp\/v2\/categories?post=10349"},{"taxonomy":"post_tag","embeddable":true,"href":"https:\/\/magenarquitectos.com\/en\/wp-json\/wp\/v2\/tags?post=10349"}],"curies":[{"name":"wp","href":"https:\/\/api.w.org\/{rel}","templated":true}]}}