{"id":10357,"date":"2021-03-16T17:09:22","date_gmt":"2021-03-16T16:09:22","guid":{"rendered":"http:\/\/blog.magenarquitectos.com\/?p=10357"},"modified":"2021-06-17T10:45:15","modified_gmt":"2021-06-17T10:45:15","slug":"de-la-espana-vacia-a-la-espana-activa-articulo-de-anatxu-zabalbeascoa-sobre-el-teatro-auditorio-de-illueca","status":"publish","type":"post","link":"https:\/\/magenarquitectos.com\/en\/de-la-espana-vacia-a-la-espana-activa-articulo-de-anatxu-zabalbeascoa-sobre-el-teatro-auditorio-de-illueca\/","title":{"rendered":"&#8220;De la Espa\u00f1a vac\u00eda a la Espa\u00f1a activa&#8221;: art\u00edculo de Anatxu Zabalbeascoa sobre el Teatro-Auditorio de Illueca"},"content":{"rendered":"<p>Art\u00edculo de Anatxu Zabalbeascoa sobre el Teatro-Auditorio de Illueca, publicado en el blog de arquitectura <em>Del tirador a la ciudad<\/em> de El Pa\u00eds.<\/p>\n<p>&#8220;El nuevo Teatro-Auditorio de Illueca (Zaragoza) reactiva el pueblo. Lejos de oponerse a su tradici\u00f3n constructiva, contin\u00faa actualiz\u00e1ndola. Y se convierte en una lecci\u00f3n para aprender sobre la distancia de la gran arquitectura. (&#8230;)&#8221;.\u00a0<a href=\"https:\/\/elpais.com\/elpais\/2021\/03\/15\/del_tirador_a_la_ciudad\/1615822240_300764.html\" rel=\"nofollow noopener\" target=\"_blank\">Art\u00edculo completo<\/a><\/p>\n<p><img loading=\"lazy\" class=\"alignleft size-full wp-image-10358\" src=\"https:\/\/magenarquitectos.com\/wp-content\/uploads\/2021\/06\/illueca_anatxu.jpg\" alt=\"Magen Arquitectos Zaragoza\" width=\"1181\" height=\"1084\" title=\"\"><\/p>\n<p>+info: <a href=\"http:\/\/magenarquitectos.com\/auditorio-de-illueca\/\">Auditorio de Illueca<\/a>, <a href=\"http:\/\/english.magenarquitectos.com\/illueca-auditorium\/\">Illueca Auditorium<\/a><\/p>\n","protected":false},"excerpt":{"rendered":"<p>Art\u00edculo de Anatxu Zabalbeascoa sobre el Teatro-Auditorio de Illueca, publicado en el blog de arquitectura Del tirador a la ciudad de El Pa\u00eds. &#8220;El nuevo Teatro-Auditorio de Illueca (Zaragoza) reactiva el pueblo. Lejos de oponerse a su tradici\u00f3n constructiva, contin\u00faa actualiz\u00e1ndola. Y se convierte en una lecci\u00f3n para aprender sobre la distancia de la gran [&hellip;]<\/p>\n","protected":false},"author":1,"featured_media":0,"comment_status":"open","ping_status":"open","sticky":false,"template":"","format":"standard","meta":{"_monsterinsights_skip_tracking":false,"_monsterinsights_sitenote_active":false,"_monsterinsights_sitenote_note":"","_monsterinsights_sitenote_category":0},"categories":[65,66,90,194],"tags":[115,106,221,74],"_links":{"self":[{"href":"https:\/\/magenarquitectos.com\/en\/wp-json\/wp\/v2\/posts\/10357"}],"collection":[{"href":"https:\/\/magenarquitectos.com\/en\/wp-json\/wp\/v2\/posts"}],"about":[{"href":"https:\/\/magenarquitectos.com\/en\/wp-json\/wp\/v2\/types\/post"}],"author":[{"embeddable":true,"href":"https:\/\/magenarquitectos.com\/en\/wp-json\/wp\/v2\/users\/1"}],"replies":[{"embeddable":true,"href":"https:\/\/magenarquitectos.com\/en\/wp-json\/wp\/v2\/comments?post=10357"}],"version-history":[{"count":1,"href":"https:\/\/magenarquitectos.com\/en\/wp-json\/wp\/v2\/posts\/10357\/revisions"}],"predecessor-version":[{"id":12008,"href":"https:\/\/magenarquitectos.com\/en\/wp-json\/wp\/v2\/posts\/10357\/revisions\/12008"}],"wp:attachment":[{"href":"https:\/\/magenarquitectos.com\/en\/wp-json\/wp\/v2\/media?parent=10357"}],"wp:term":[{"taxonomy":"category","embeddable":true,"href":"https:\/\/magenarquitectos.com\/en\/wp-json\/wp\/v2\/categories?post=10357"},{"taxonomy":"post_tag","embeddable":true,"href":"https:\/\/magenarquitectos.com\/en\/wp-json\/wp\/v2\/tags?post=10357"}],"curies":[{"name":"wp","href":"https:\/\/api.w.org\/{rel}","templated":true}]}}