{"id":10372,"date":"2021-03-30T10:00:18","date_gmt":"2021-03-30T08:00:18","guid":{"rendered":"http:\/\/blog.magenarquitectos.com\/?p=10372"},"modified":"2021-06-17T10:45:15","modified_gmt":"2021-06-17T10:45:15","slug":"ampliacion-del-cifp-pico-frentes-tercer-clasificado","status":"publish","type":"post","link":"https:\/\/magenarquitectos.com\/en\/ampliacion-del-cifp-pico-frentes-tercer-clasificado\/","title":{"rendered":"Ampliaci\u00f3n del CIFP Pico Frentes (Soria). Tercer clasificado."},"content":{"rendered":"<p>La propuesta de Mag\u00e9n Arquitectos\u00a0para la Ampliaci\u00f3n del CIFP Pico Frentes en Soria ha obtenido la tercera mejor puntuaci\u00f3n en el concurso convocado por la Junta de Castilla y Le\u00f3n.<\/p>\n<p><img loading=\"lazy\" class=\"alignleft size-full wp-image-10373\" src=\"https:\/\/magenarquitectos.com\/wp-content\/uploads\/2021\/06\/soria1.jpg\" alt=\"Magen Arquitectos Zaragoza\" width=\"1181\" height=\"679\" title=\"\"><\/p>\n","protected":false},"excerpt":{"rendered":"<p>La propuesta de Mag\u00e9n Arquitectos\u00a0para la Ampliaci\u00f3n del CIFP Pico Frentes en Soria ha obtenido la tercera mejor puntuaci\u00f3n en el concurso convocado por la Junta de Castilla y Le\u00f3n.<\/p>\n","protected":false},"author":1,"featured_media":0,"comment_status":"open","ping_status":"open","sticky":false,"template":"","format":"standard","meta":{"_monsterinsights_skip_tracking":false,"_monsterinsights_sitenote_active":false,"_monsterinsights_sitenote_note":"","_monsterinsights_sitenote_category":0},"categories":[202,75,65,139],"tags":[115,80,140,74],"_links":{"self":[{"href":"https:\/\/magenarquitectos.com\/en\/wp-json\/wp\/v2\/posts\/10372"}],"collection":[{"href":"https:\/\/magenarquitectos.com\/en\/wp-json\/wp\/v2\/posts"}],"about":[{"href":"https:\/\/magenarquitectos.com\/en\/wp-json\/wp\/v2\/types\/post"}],"author":[{"embeddable":true,"href":"https:\/\/magenarquitectos.com\/en\/wp-json\/wp\/v2\/users\/1"}],"replies":[{"embeddable":true,"href":"https:\/\/magenarquitectos.com\/en\/wp-json\/wp\/v2\/comments?post=10372"}],"version-history":[{"count":1,"href":"https:\/\/magenarquitectos.com\/en\/wp-json\/wp\/v2\/posts\/10372\/revisions"}],"predecessor-version":[{"id":11997,"href":"https:\/\/magenarquitectos.com\/en\/wp-json\/wp\/v2\/posts\/10372\/revisions\/11997"}],"wp:attachment":[{"href":"https:\/\/magenarquitectos.com\/en\/wp-json\/wp\/v2\/media?parent=10372"}],"wp:term":[{"taxonomy":"category","embeddable":true,"href":"https:\/\/magenarquitectos.com\/en\/wp-json\/wp\/v2\/categories?post=10372"},{"taxonomy":"post_tag","embeddable":true,"href":"https:\/\/magenarquitectos.com\/en\/wp-json\/wp\/v2\/tags?post=10372"}],"curies":[{"name":"wp","href":"https:\/\/api.w.org\/{rel}","templated":true}]}}