{"id":10375,"date":"2021-03-31T09:00:30","date_gmt":"2021-03-31T07:00:30","guid":{"rendered":"http:\/\/blog.magenarquitectos.com\/?p=10375"},"modified":"2021-06-17T10:45:15","modified_gmt":"2021-06-17T10:45:15","slug":"en-construccion-reforma-y-ampliacion-de-la-facultad-de-filosofia-y-letras-universidad-de-zaragoza-14","status":"publish","type":"post","link":"https:\/\/magenarquitectos.com\/en\/en-construccion-reforma-y-ampliacion-de-la-facultad-de-filosofia-y-letras-universidad-de-zaragoza-14\/","title":{"rendered":"En construcci\u00f3n: Reforma y Ampliaci\u00f3n de la Facultad de Filosof\u00eda y Letras. Universidad de Zaragoza."},"content":{"rendered":"<p><img loading=\"lazy\" class=\"alignleft size-full wp-image-10377\" src=\"https:\/\/magenarquitectos.com\/wp-content\/uploads\/2021\/06\/filosofia_2903.jpg\" alt=\"Magen Arquitectos Zaragoza\" width=\"1181\" height=\"767\" title=\"\"><\/p>\n<p>+info:&nbsp;<a href=\"http:\/\/magenarquitectos.com\/facultad-de-filosofia-y-letras-universidad-de-zaragoza\/\">Facultad de Filosof\u00eda y Letras<\/a>, <a href=\"http:\/\/english.magenarquitectos.com\/philosophy-faculty-university-of-zaragoza\/\">Philosophy Faculty<\/a><\/p>\n","protected":false},"excerpt":{"rendered":"<p>+info:&nbsp;Facultad de Filosof\u00eda y Letras, Philosophy Faculty<\/p>\n","protected":false},"author":1,"featured_media":11992,"comment_status":"open","ping_status":"open","sticky":false,"template":"","format":"standard","meta":{"_monsterinsights_skip_tracking":false,"_monsterinsights_sitenote_active":false,"_monsterinsights_sitenote_note":"","_monsterinsights_sitenote_category":0},"categories":[76,97,65,139,117],"tags":[115,134,80,140,93,94,82,83,166,74],"_links":{"self":[{"href":"https:\/\/magenarquitectos.com\/en\/wp-json\/wp\/v2\/posts\/10375"}],"collection":[{"href":"https:\/\/magenarquitectos.com\/en\/wp-json\/wp\/v2\/posts"}],"about":[{"href":"https:\/\/magenarquitectos.com\/en\/wp-json\/wp\/v2\/types\/post"}],"author":[{"embeddable":true,"href":"https:\/\/magenarquitectos.com\/en\/wp-json\/wp\/v2\/users\/1"}],"replies":[{"embeddable":true,"href":"https:\/\/magenarquitectos.com\/en\/wp-json\/wp\/v2\/comments?post=10375"}],"version-history":[{"count":2,"href":"https:\/\/magenarquitectos.com\/en\/wp-json\/wp\/v2\/posts\/10375\/revisions"}],"predecessor-version":[{"id":14054,"href":"https:\/\/magenarquitectos.com\/en\/wp-json\/wp\/v2\/posts\/10375\/revisions\/14054"}],"wp:featuredmedia":[{"embeddable":true,"href":"https:\/\/magenarquitectos.com\/en\/wp-json\/wp\/v2\/media\/11992"}],"wp:attachment":[{"href":"https:\/\/magenarquitectos.com\/en\/wp-json\/wp\/v2\/media?parent=10375"}],"wp:term":[{"taxonomy":"category","embeddable":true,"href":"https:\/\/magenarquitectos.com\/en\/wp-json\/wp\/v2\/categories?post=10375"},{"taxonomy":"post_tag","embeddable":true,"href":"https:\/\/magenarquitectos.com\/en\/wp-json\/wp\/v2\/tags?post=10375"}],"curies":[{"name":"wp","href":"https:\/\/api.w.org\/{rel}","templated":true}]}}