{"id":10382,"date":"2021-04-13T09:00:46","date_gmt":"2021-04-13T07:00:46","guid":{"rendered":"http:\/\/blog.magenarquitectos.com\/?p=10382"},"modified":"2021-06-17T10:45:15","modified_gmt":"2021-06-17T10:45:15","slug":"el-centro-de-educacion-infantil-parque-goya-publicado-en-el-libro-djecji-vrtici-i-skole-u-21-st","status":"publish","type":"post","link":"https:\/\/magenarquitectos.com\/en\/el-centro-de-educacion-infantil-parque-goya-publicado-en-el-libro-djecji-vrtici-i-skole-u-21-st\/","title":{"rendered":"El Centro de Educaci\u00f3n Infantil Parque Goya, publicado en el libro &#8220;Djecji Vrtici i Skole u 21.st&#8221;"},"content":{"rendered":"<p><img loading=\"lazy\" class=\"alignleft size-full wp-image-10383\" src=\"https:\/\/magenarquitectos.com\/wp-content\/uploads\/2021\/06\/djecji-vtrici.jpg\" alt=\"djecji vtrici\" width=\"834\" height=\"1181\" title=\"\"><\/p>\n<p>The book \u201cDjecji Vrtici i Skole u 21.st\u201d, edited by Oris,&nbsp;includes Kindergarten Parque Goya, by Mag\u00e9n Arquitectos.<\/p>\n<p>El libro &#8220;Djecji Vrtici i Skole u 21.st&#8221;, de la editorial&nbsp;Oris,&nbsp;incluye una selecci\u00f3n internacional de proyectos docentes,&nbsp;entre ellos el Centro de Educaci\u00f3n Infantil Parque Goya, en Zaragoza.<\/p>\n<p>Eng, 29,7&#215;20,7 cm, 239 p. &#8211; ISBN 978-953-6888-63-4<\/p>\n<p>+info: <a href=\"http:\/\/magenarquitectos.com\/centro-de-educacion-infantil-parque-goya-zaragoza\/\">Escuela Infantil Parque Goya<\/a>, <a href=\"http:\/\/english.magenarquitectos.com\/kindergarten-parque-goya-zaragoza\/\">Kindergarten Parque Goya<\/a><\/p>\n","protected":false},"excerpt":{"rendered":"<p>The book \u201cDjecji Vrtici i Skole u 21.st\u201d, edited by Oris,&nbsp;includes Kindergarten Parque Goya, by Mag\u00e9n Arquitectos. El libro &#8220;Djecji Vrtici i Skole u 21.st&#8221;, de la editorial&nbsp;Oris,&nbsp;incluye una selecci\u00f3n internacional de proyectos docentes,&nbsp;entre ellos el Centro de Educaci\u00f3n Infantil Parque Goya, en Zaragoza. Eng, 29,7&#215;20,7 cm, 239 p. &#8211; ISBN 978-953-6888-63-4 +info: Escuela Infantil [&hellip;]<\/p>\n","protected":false},"author":1,"featured_media":11983,"comment_status":"open","ping_status":"open","sticky":false,"template":"","format":"standard","meta":{"_monsterinsights_skip_tracking":false,"_monsterinsights_sitenote_active":false,"_monsterinsights_sitenote_note":"","_monsterinsights_sitenote_category":0},"categories":[65,139,90,194],"tags":[115,134,80,140,141,142,74],"_links":{"self":[{"href":"https:\/\/magenarquitectos.com\/en\/wp-json\/wp\/v2\/posts\/10382"}],"collection":[{"href":"https:\/\/magenarquitectos.com\/en\/wp-json\/wp\/v2\/posts"}],"about":[{"href":"https:\/\/magenarquitectos.com\/en\/wp-json\/wp\/v2\/types\/post"}],"author":[{"embeddable":true,"href":"https:\/\/magenarquitectos.com\/en\/wp-json\/wp\/v2\/users\/1"}],"replies":[{"embeddable":true,"href":"https:\/\/magenarquitectos.com\/en\/wp-json\/wp\/v2\/comments?post=10382"}],"version-history":[{"count":3,"href":"https:\/\/magenarquitectos.com\/en\/wp-json\/wp\/v2\/posts\/10382\/revisions"}],"predecessor-version":[{"id":17314,"href":"https:\/\/magenarquitectos.com\/en\/wp-json\/wp\/v2\/posts\/10382\/revisions\/17314"}],"wp:featuredmedia":[{"embeddable":true,"href":"https:\/\/magenarquitectos.com\/en\/wp-json\/wp\/v2\/media\/11983"}],"wp:attachment":[{"href":"https:\/\/magenarquitectos.com\/en\/wp-json\/wp\/v2\/media?parent=10382"}],"wp:term":[{"taxonomy":"category","embeddable":true,"href":"https:\/\/magenarquitectos.com\/en\/wp-json\/wp\/v2\/categories?post=10382"},{"taxonomy":"post_tag","embeddable":true,"href":"https:\/\/magenarquitectos.com\/en\/wp-json\/wp\/v2\/tags?post=10382"}],"curies":[{"name":"wp","href":"https:\/\/api.w.org\/{rel}","templated":true}]}}