{"id":10416,"date":"2021-05-27T09:00:54","date_gmt":"2021-05-27T07:00:54","guid":{"rendered":"http:\/\/blog.magenarquitectos.com\/?p=10416"},"modified":"2021-06-17T10:45:14","modified_gmt":"2021-06-17T10:45:14","slug":"magen-arquitectos-gana-el-concurso-para-la-reforma-del-edificio-de-juzgados-de-plaza-del-pilar","status":"publish","type":"post","link":"https:\/\/magenarquitectos.com\/en\/magen-arquitectos-gana-el-concurso-para-la-reforma-del-edificio-de-juzgados-de-plaza-del-pilar\/","title":{"rendered":"Mag\u00e9n Arquitectos gana el concurso para la Reforma del Edificio de Juzgados de Plaza del Pilar"},"content":{"rendered":"<p>Mag\u00e9n Arquitectos ha&nbsp;resultado ganador del concurso convocado por el&nbsp; Gobierno de Arag\u00f3n para el proyecto de reforma&nbsp;del edificio de Juzgados de Plaza del Pilar, &nbsp;construido por Regino y Jos\u00e9 Borobio en Zaragoza en 1966. El proyecto adaptar\u00e1 varias plantas del edificio para albergar la&nbsp;nueva sede del&nbsp;Departamento de Ciudadan\u00eda y Derechos Sociales, continuando la rehabilitaci\u00f3n de los edificios proyectados por Alejandro de la Sota, completada en 2020, seg\u00fan proyectos de Mag\u00e9n Arquitectos.<\/p>\n<p>En la actualidad, Mag\u00e9n Arquitectos tambi\u00e9n est\u00e1 desarrollando el Proyecto de Reforma de la Facultad de Filosof\u00eda y Letras de la Universidad de Zaragoza, de los arquitectos Regino Borobio y Jos\u00e9 Beltr\u00e1n, inaugurado en 1941.<\/p>\n<p><img loading=\"lazy\" class=\"alignleft size-full wp-image-10417\" src=\"https:\/\/magenarquitectos.com\/wp-content\/uploads\/2021\/06\/juzgados.jpg\" alt=\"Magen Arquitectos Zaragoza\" width=\"1575\" height=\"1181\" title=\"\"><\/p>\n","protected":false},"excerpt":{"rendered":"<p>Mag\u00e9n Arquitectos ha&nbsp;resultado ganador del concurso convocado por el&nbsp; Gobierno de Arag\u00f3n para el proyecto de reforma&nbsp;del edificio de Juzgados de Plaza del Pilar, &nbsp;construido por Regino y Jos\u00e9 Borobio en Zaragoza en 1966. El proyecto adaptar\u00e1 varias plantas del edificio para albergar la&nbsp;nueva sede del&nbsp;Departamento de Ciudadan\u00eda y Derechos Sociales, continuando la rehabilitaci\u00f3n de [&hellip;]<\/p>\n","protected":false},"author":1,"featured_media":11953,"comment_status":"open","ping_status":"open","sticky":false,"template":"","format":"standard","meta":{"_monsterinsights_skip_tracking":false,"_monsterinsights_sitenote_active":false,"_monsterinsights_sitenote_note":"","_monsterinsights_sitenote_category":0},"categories":[202,75,77,78],"tags":[100,115,93,94,74],"_links":{"self":[{"href":"https:\/\/magenarquitectos.com\/en\/wp-json\/wp\/v2\/posts\/10416"}],"collection":[{"href":"https:\/\/magenarquitectos.com\/en\/wp-json\/wp\/v2\/posts"}],"about":[{"href":"https:\/\/magenarquitectos.com\/en\/wp-json\/wp\/v2\/types\/post"}],"author":[{"embeddable":true,"href":"https:\/\/magenarquitectos.com\/en\/wp-json\/wp\/v2\/users\/1"}],"replies":[{"embeddable":true,"href":"https:\/\/magenarquitectos.com\/en\/wp-json\/wp\/v2\/comments?post=10416"}],"version-history":[{"count":2,"href":"https:\/\/magenarquitectos.com\/en\/wp-json\/wp\/v2\/posts\/10416\/revisions"}],"predecessor-version":[{"id":14041,"href":"https:\/\/magenarquitectos.com\/en\/wp-json\/wp\/v2\/posts\/10416\/revisions\/14041"}],"wp:featuredmedia":[{"embeddable":true,"href":"https:\/\/magenarquitectos.com\/en\/wp-json\/wp\/v2\/media\/11953"}],"wp:attachment":[{"href":"https:\/\/magenarquitectos.com\/en\/wp-json\/wp\/v2\/media?parent=10416"}],"wp:term":[{"taxonomy":"category","embeddable":true,"href":"https:\/\/magenarquitectos.com\/en\/wp-json\/wp\/v2\/categories?post=10416"},{"taxonomy":"post_tag","embeddable":true,"href":"https:\/\/magenarquitectos.com\/en\/wp-json\/wp\/v2\/tags?post=10416"}],"curies":[{"name":"wp","href":"https:\/\/api.w.org\/{rel}","templated":true}]}}