{"id":10420,"date":"2021-05-17T09:30:01","date_gmt":"2021-05-17T07:30:01","guid":{"rendered":"http:\/\/blog.magenarquitectos.com\/?p=10420"},"modified":"2021-06-17T10:45:14","modified_gmt":"2021-06-17T10:45:14","slug":"el-teatro-auditorio-de-illueca-finalista-de-la-xv-bienal-espanola-de-arquitectura-y-urbanismo","status":"publish","type":"post","link":"https:\/\/magenarquitectos.com\/en\/el-teatro-auditorio-de-illueca-finalista-de-la-xv-bienal-espanola-de-arquitectura-y-urbanismo\/","title":{"rendered":"El Teatro-Auditorio de Illueca, Finalista de la XV Bienal Espa\u00f1ola de Arquitectura y Urbanismo"},"content":{"rendered":"<p>El Teatro-Auditorio de Illueca ha obtenido la distinci\u00f3n de FINALISTA por el Jurado del Panorama de Obras de la XV Bienal Espa\u00f1ola de Arquitectura y Urbanismo (XV BEAU). De entre las 581 propuestas presentadas, el Jurado ha elegido 70 obras Finalistas.<\/p>\n<p>Theatre-Auditorium in Illueca awarded as FINALIST in XV Biennial of Spanish Architecture and Urbanism (XV BEAU). Jury chose 70 Finalists among 581 proposals.<\/p>\n<p><img loading=\"lazy\" class=\"alignleft size-full wp-image-10421\" src=\"https:\/\/magenarquitectos.com\/wp-content\/uploads\/2021\/06\/illuecabienal.jpg\" alt=\"Magen Arquitecctos Zaragoza\" width=\"726\" height=\"1270\" title=\"\"><\/p>\n<p>&nbsp;<\/p>\n","protected":false},"excerpt":{"rendered":"<p>El Teatro-Auditorio de Illueca ha obtenido la distinci\u00f3n de FINALISTA por el Jurado del Panorama de Obras de la XV Bienal Espa\u00f1ola de Arquitectura y Urbanismo (XV BEAU). De entre las 581 propuestas presentadas, el Jurado ha elegido 70 obras Finalistas. Theatre-Auditorium in Illueca awarded as FINALIST in XV Biennial of Spanish Architecture and Urbanism [&hellip;]<\/p>\n","protected":false},"author":1,"featured_media":11959,"comment_status":"open","ping_status":"open","sticky":false,"template":"","format":"standard","meta":{"_monsterinsights_skip_tracking":false,"_monsterinsights_sitenote_active":false,"_monsterinsights_sitenote_note":"","_monsterinsights_sitenote_category":0},"categories":[195,227,65,66,113],"tags":[115,106,62,221,70,74],"_links":{"self":[{"href":"https:\/\/magenarquitectos.com\/en\/wp-json\/wp\/v2\/posts\/10420"}],"collection":[{"href":"https:\/\/magenarquitectos.com\/en\/wp-json\/wp\/v2\/posts"}],"about":[{"href":"https:\/\/magenarquitectos.com\/en\/wp-json\/wp\/v2\/types\/post"}],"author":[{"embeddable":true,"href":"https:\/\/magenarquitectos.com\/en\/wp-json\/wp\/v2\/users\/1"}],"replies":[{"embeddable":true,"href":"https:\/\/magenarquitectos.com\/en\/wp-json\/wp\/v2\/comments?post=10420"}],"version-history":[{"count":3,"href":"https:\/\/magenarquitectos.com\/en\/wp-json\/wp\/v2\/posts\/10420\/revisions"}],"predecessor-version":[{"id":17429,"href":"https:\/\/magenarquitectos.com\/en\/wp-json\/wp\/v2\/posts\/10420\/revisions\/17429"}],"wp:featuredmedia":[{"embeddable":true,"href":"https:\/\/magenarquitectos.com\/en\/wp-json\/wp\/v2\/media\/11959"}],"wp:attachment":[{"href":"https:\/\/magenarquitectos.com\/en\/wp-json\/wp\/v2\/media?parent=10420"}],"wp:term":[{"taxonomy":"category","embeddable":true,"href":"https:\/\/magenarquitectos.com\/en\/wp-json\/wp\/v2\/categories?post=10420"},{"taxonomy":"post_tag","embeddable":true,"href":"https:\/\/magenarquitectos.com\/en\/wp-json\/wp\/v2\/tags?post=10420"}],"curies":[{"name":"wp","href":"https:\/\/api.w.org\/{rel}","templated":true}]}}