{"id":10428,"date":"2021-06-01T12:27:20","date_gmt":"2021-06-01T10:27:20","guid":{"rendered":"http:\/\/blog.magenarquitectos.com\/?p=10428"},"modified":"2021-06-17T10:45:14","modified_gmt":"2021-06-17T10:45:14","slug":"heraldo-de-aragon-el-auditorio-de-illueca-finalista-de-la-xv-bienal-espanola","status":"publish","type":"post","link":"https:\/\/magenarquitectos.com\/en\/heraldo-de-aragon-el-auditorio-de-illueca-finalista-de-la-xv-bienal-espanola\/","title":{"rendered":"Heraldo de Arag\u00f3n &#8211; &#8220;El Auditorio de Illueca, finalista de la XV Bienal Espa\u00f1ola&#8221;"},"content":{"rendered":"<p>Art\u00edculo de Mariano Garc\u00eda&nbsp;sobre el Auditorio de Illueca&nbsp;en Heraldo de Arag\u00f3n.<\/p>\n<p><img loading=\"lazy\" class=\"alignleft size-full wp-image-10429\" src=\"https:\/\/magenarquitectos.com\/wp-content\/uploads\/2021\/06\/1869ec30-9766-4a5e-b95f-14a3ffe0a944.jpg\" alt=\"Magen Arquitectos Zaragoza\" width=\"822\" height=\"1212\" srcset=\"https:\/\/magenarquitectos.com\/wp-content\/uploads\/2021\/06\/1869ec30-9766-4a5e-b95f-14a3ffe0a944.jpg 822w, https:\/\/magenarquitectos.com\/wp-content\/uploads\/2021\/06\/1869ec30-9766-4a5e-b95f-14a3ffe0a944-203x300.jpg 203w, https:\/\/magenarquitectos.com\/wp-content\/uploads\/2021\/06\/1869ec30-9766-4a5e-b95f-14a3ffe0a944-694x1024.jpg 694w, https:\/\/magenarquitectos.com\/wp-content\/uploads\/2021\/06\/1869ec30-9766-4a5e-b95f-14a3ffe0a944-768x1132.jpg 768w\" sizes=\"(max-width: 822px) 100vw, 822px\" title=\"\"><\/p>\n<p>+info: <a href=\"http:\/\/magenarquitectos.com\/auditorio-de-illueca\/\">Auditorio de Illueca<\/a>, <a href=\"http:\/\/english.magenarquitectos.com\/illueca-auditorium\/\">Illueca Auditorium<\/a><\/p>\n<p>&nbsp;<\/p>\n","protected":false},"excerpt":{"rendered":"<p>Art\u00edculo de Mariano Garc\u00eda&nbsp;sobre el Auditorio de Illueca&nbsp;en Heraldo de Arag\u00f3n. +info: Auditorio de Illueca, Illueca Auditorium &nbsp;<\/p>\n","protected":false},"author":1,"featured_media":11950,"comment_status":"open","ping_status":"open","sticky":false,"template":"","format":"standard","meta":{"_monsterinsights_skip_tracking":false,"_monsterinsights_sitenote_active":false,"_monsterinsights_sitenote_note":"","_monsterinsights_sitenote_category":0},"categories":[195,227,113],"tags":[115,106,221,74],"_links":{"self":[{"href":"https:\/\/magenarquitectos.com\/en\/wp-json\/wp\/v2\/posts\/10428"}],"collection":[{"href":"https:\/\/magenarquitectos.com\/en\/wp-json\/wp\/v2\/posts"}],"about":[{"href":"https:\/\/magenarquitectos.com\/en\/wp-json\/wp\/v2\/types\/post"}],"author":[{"embeddable":true,"href":"https:\/\/magenarquitectos.com\/en\/wp-json\/wp\/v2\/users\/1"}],"replies":[{"embeddable":true,"href":"https:\/\/magenarquitectos.com\/en\/wp-json\/wp\/v2\/comments?post=10428"}],"version-history":[{"count":2,"href":"https:\/\/magenarquitectos.com\/en\/wp-json\/wp\/v2\/posts\/10428\/revisions"}],"predecessor-version":[{"id":14040,"href":"https:\/\/magenarquitectos.com\/en\/wp-json\/wp\/v2\/posts\/10428\/revisions\/14040"}],"wp:featuredmedia":[{"embeddable":true,"href":"https:\/\/magenarquitectos.com\/en\/wp-json\/wp\/v2\/media\/11950"}],"wp:attachment":[{"href":"https:\/\/magenarquitectos.com\/en\/wp-json\/wp\/v2\/media?parent=10428"}],"wp:term":[{"taxonomy":"category","embeddable":true,"href":"https:\/\/magenarquitectos.com\/en\/wp-json\/wp\/v2\/categories?post=10428"},{"taxonomy":"post_tag","embeddable":true,"href":"https:\/\/magenarquitectos.com\/en\/wp-json\/wp\/v2\/tags?post=10428"}],"curies":[{"name":"wp","href":"https:\/\/api.w.org\/{rel}","templated":true}]}}