{"id":10433,"date":"2021-06-08T09:30:20","date_gmt":"2021-06-08T07:30:20","guid":{"rendered":"http:\/\/blog.magenarquitectos.com\/?p=10433"},"modified":"2021-06-17T10:45:14","modified_gmt":"2021-06-17T10:45:14","slug":"en-construccion-reforma-y-ampliacion-de-la-facultad-de-filosofia-y-letras-universidad-de-zaragoza-18","status":"publish","type":"post","link":"https:\/\/magenarquitectos.com\/en\/en-construccion-reforma-y-ampliacion-de-la-facultad-de-filosofia-y-letras-universidad-de-zaragoza-18\/","title":{"rendered":"En construcci\u00f3n: Reforma y Ampliaci\u00f3n de la Facultad de Filosof\u00eda y Letras. Universidad de Zaragoza."},"content":{"rendered":"<p><img loading=\"lazy\" class=\"alignleft size-full wp-image-10434\" src=\"https:\/\/magenarquitectos.com\/wp-content\/uploads\/2021\/06\/filosodia_0706.jpg\" alt=\"Magen Arquitectos Zaragoza\" width=\"1181\" height=\"1181\" srcset=\"https:\/\/magenarquitectos.com\/wp-content\/uploads\/2021\/06\/filosodia_0706.jpg 1181w, https:\/\/magenarquitectos.com\/wp-content\/uploads\/2021\/06\/filosodia_0706-300x300.jpg 300w, https:\/\/magenarquitectos.com\/wp-content\/uploads\/2021\/06\/filosodia_0706-1024x1024.jpg 1024w, https:\/\/magenarquitectos.com\/wp-content\/uploads\/2021\/06\/filosodia_0706-150x150.jpg 150w, https:\/\/magenarquitectos.com\/wp-content\/uploads\/2021\/06\/filosodia_0706-768x768.jpg 768w\" sizes=\"(max-width: 1181px) 100vw, 1181px\" title=\"\"><\/p>\n<p>+info:\u00a0<a href=\"http:\/\/magenarquitectos.com\/facultad-de-filosofia-y-letras-universidad-de-zaragoza\/\">Facultad de Filosof\u00eda y Letras<\/a>, <a href=\"http:\/\/english.magenarquitectos.com\/philosophy-faculty-university-of-zaragoza\/\">Philosophy Faculty<\/a><\/p>\n","protected":false},"excerpt":{"rendered":"<p>+info:\u00a0Facultad de Filosof\u00eda y Letras, Philosophy Faculty<\/p>\n","protected":false},"author":1,"featured_media":0,"comment_status":"open","ping_status":"open","sticky":false,"template":"","format":"standard","meta":{"_monsterinsights_skip_tracking":false,"_monsterinsights_sitenote_active":false,"_monsterinsights_sitenote_note":"","_monsterinsights_sitenote_category":0},"categories":[97,65,139,92,117],"tags":[115,80,140,93,94,82,83,166,74],"_links":{"self":[{"href":"https:\/\/magenarquitectos.com\/en\/wp-json\/wp\/v2\/posts\/10433"}],"collection":[{"href":"https:\/\/magenarquitectos.com\/en\/wp-json\/wp\/v2\/posts"}],"about":[{"href":"https:\/\/magenarquitectos.com\/en\/wp-json\/wp\/v2\/types\/post"}],"author":[{"embeddable":true,"href":"https:\/\/magenarquitectos.com\/en\/wp-json\/wp\/v2\/users\/1"}],"replies":[{"embeddable":true,"href":"https:\/\/magenarquitectos.com\/en\/wp-json\/wp\/v2\/comments?post=10433"}],"version-history":[{"count":2,"href":"https:\/\/magenarquitectos.com\/en\/wp-json\/wp\/v2\/posts\/10433\/revisions"}],"predecessor-version":[{"id":14579,"href":"https:\/\/magenarquitectos.com\/en\/wp-json\/wp\/v2\/posts\/10433\/revisions\/14579"}],"wp:attachment":[{"href":"https:\/\/magenarquitectos.com\/en\/wp-json\/wp\/v2\/media?parent=10433"}],"wp:term":[{"taxonomy":"category","embeddable":true,"href":"https:\/\/magenarquitectos.com\/en\/wp-json\/wp\/v2\/categories?post=10433"},{"taxonomy":"post_tag","embeddable":true,"href":"https:\/\/magenarquitectos.com\/en\/wp-json\/wp\/v2\/tags?post=10433"}],"curies":[{"name":"wp","href":"https:\/\/api.w.org\/{rel}","templated":true}]}}