{"id":10443,"date":"2021-06-15T09:15:32","date_gmt":"2021-06-15T07:15:32","guid":{"rendered":"http:\/\/blog.magenarquitectos.com\/?p=10443"},"modified":"2021-06-17T10:45:14","modified_gmt":"2021-06-17T10:45:14","slug":"el-teatro-auditorio-de-illueca-en-el-anuario-espana-2021-de-arquitectura-viva","status":"publish","type":"post","link":"https:\/\/magenarquitectos.com\/en\/el-teatro-auditorio-de-illueca-en-el-anuario-espana-2021-de-arquitectura-viva\/","title":{"rendered":"El Teatro-Auditorio de Illueca, en el Anuario Espa\u00f1a 2021 de Arquitectura Viva"},"content":{"rendered":"<p>Arquitectura Viva incluye el Auditorio de Illueca en su AV Anuario Espa\u00f1a 2021, entre las 24 mejores obras finalizadas es Espa\u00f1a, en la categor\u00eda &#8220;Citas culturales&#8221;.<\/p>\n<p>One of the last completed buildings&nbsp;by&nbsp;Mag\u00e9n Arquitectos, Theatre-Auditorium in Illueca, is included in the Spain Yearbook Espa\u00f1a 2021, edited by Arquitectura Viva.<\/p>\n<p><img loading=\"lazy\" class=\"alignleft size-full wp-image-10444\" src=\"https:\/\/magenarquitectos.com\/wp-content\/uploads\/2021\/06\/AV-illueca.jpg\" alt=\"Magen Arquitectos Zaragoza\" width=\"1181\" height=\"1467\" title=\"\"><\/p>\n<p>+info:&nbsp;<a href=\"http:\/\/magenarquitectos.com\/auditorio-de-illueca\/\">Auditorio de Illueca<\/a>,&nbsp;<a href=\"http:\/\/english.magenarquitectos.com\/illueca-auditorium\/\">Illueca Auditorium<\/a><\/p>\n<p>&nbsp;<\/p>\n","protected":false},"excerpt":{"rendered":"<p>Arquitectura Viva incluye el Auditorio de Illueca en su AV Anuario Espa\u00f1a 2021, entre las 24 mejores obras finalizadas es Espa\u00f1a, en la categor\u00eda &#8220;Citas culturales&#8221;. One of the last completed buildings&nbsp;by&nbsp;Mag\u00e9n Arquitectos, Theatre-Auditorium in Illueca, is included in the Spain Yearbook Espa\u00f1a 2021, edited by Arquitectura Viva. +info:&nbsp;Auditorio de Illueca,&nbsp;Illueca Auditorium &nbsp;<\/p>\n","protected":false},"author":1,"featured_media":11938,"comment_status":"open","ping_status":"open","sticky":false,"template":"","format":"standard","meta":{"_monsterinsights_skip_tracking":false,"_monsterinsights_sitenote_active":false,"_monsterinsights_sitenote_note":"","_monsterinsights_sitenote_category":0},"categories":[65,66,90,194],"tags":[115,106,221,89,74],"_links":{"self":[{"href":"https:\/\/magenarquitectos.com\/en\/wp-json\/wp\/v2\/posts\/10443"}],"collection":[{"href":"https:\/\/magenarquitectos.com\/en\/wp-json\/wp\/v2\/posts"}],"about":[{"href":"https:\/\/magenarquitectos.com\/en\/wp-json\/wp\/v2\/types\/post"}],"author":[{"embeddable":true,"href":"https:\/\/magenarquitectos.com\/en\/wp-json\/wp\/v2\/users\/1"}],"replies":[{"embeddable":true,"href":"https:\/\/magenarquitectos.com\/en\/wp-json\/wp\/v2\/comments?post=10443"}],"version-history":[{"count":3,"href":"https:\/\/magenarquitectos.com\/en\/wp-json\/wp\/v2\/posts\/10443\/revisions"}],"predecessor-version":[{"id":16422,"href":"https:\/\/magenarquitectos.com\/en\/wp-json\/wp\/v2\/posts\/10443\/revisions\/16422"}],"wp:featuredmedia":[{"embeddable":true,"href":"https:\/\/magenarquitectos.com\/en\/wp-json\/wp\/v2\/media\/11938"}],"wp:attachment":[{"href":"https:\/\/magenarquitectos.com\/en\/wp-json\/wp\/v2\/media?parent=10443"}],"wp:term":[{"taxonomy":"category","embeddable":true,"href":"https:\/\/magenarquitectos.com\/en\/wp-json\/wp\/v2\/categories?post=10443"},{"taxonomy":"post_tag","embeddable":true,"href":"https:\/\/magenarquitectos.com\/en\/wp-json\/wp\/v2\/tags?post=10443"}],"curies":[{"name":"wp","href":"https:\/\/api.w.org\/{rel}","templated":true}]}}