{"id":11691,"date":"2008-08-27T12:29:27","date_gmt":"2008-08-27T12:29:27","guid":{"rendered":"http:\/\/magenarquitectos.wordpress.com\/?p=37"},"modified":"2021-06-17T10:31:58","modified_gmt":"2021-06-17T10:31:58","slug":"primer-premio-en-el-concurso-de-ideas-para-la-sede-de-la-comarca-del-bajo-martin","status":"publish","type":"post","link":"https:\/\/magenarquitectos.com\/en\/primer-premio-en-el-concurso-de-ideas-para-la-sede-de-la-comarca-del-bajo-martin\/","title":{"rendered":"Primer Premio en el Concurso de Ideas para la Sede de la Comarca del Bajo Mart\u00edn"},"content":{"rendered":"<p><img loading=\"lazy\" class=\"alignnone size-full wp-image-38\" src=\"http:\/\/magenarquitectos.files.wordpress.com\/2008\/08\/noticias_22_1_med.jpg\" alt=\"\" width=\"250\" height=\"176\" title=\"\"><\/p>\n<p>(22\/04\/2006).- Mag\u00e9n Arquitectos ha obtenido el primer premio en el Concurso de Ideas para la Sede de la Coamrca del Bajo Mart\u00edn en H\u00edjar (Teruel), con la propuesta presentada bajo el lema Mioceno.<\/p>\n<p>El proyecto se define como una macla de vol\u00famenes p\u00e9treos, macizos, a distintas alturas, que dotan a la imagen exterior del edificio de una cierta condici\u00f3n escult\u00f3rica en el paisaje. El interior se percibe como un espacio vaciado, excavado en un s\u00f3lido, con vac\u00edos a distintas alturas conectados visual y espacialmente entre ellos.<\/p>\n<p>El edificio, con un dise\u00f1o bioclim\u00e1tico y sistemas de eficiencia energ\u00e9tica, reflejar\u00e1 el inter\u00e9s medioambiental de la administraci\u00f3n de la Comarca del Bajo Mart\u00edn.<\/p>\n<p>Proposal &#8220;Mioceno&#8221; by Mag\u00e9n Arquitectos, 1st Prize in National Competition Ideas for Bajo Mart\u00edn County Seat<\/p>\n","protected":false},"excerpt":{"rendered":"<p>(22\/04\/2006).- Mag\u00e9n Arquitectos ha obtenido el primer premio en el Concurso de Ideas para la Sede de la Coamrca del Bajo Mart\u00edn en H\u00edjar (Teruel), con la propuesta presentada bajo el lema Mioceno. El proyecto se define como una macla de vol\u00famenes p\u00e9treos, macizos, a distintas alturas, que dotan a la imagen exterior del edificio [&hellip;]<\/p>\n","protected":false},"author":1,"featured_media":0,"comment_status":"open","ping_status":"open","sticky":false,"template":"","format":"standard","meta":{"_monsterinsights_skip_tracking":false,"_monsterinsights_sitenote_active":false,"_monsterinsights_sitenote_note":"","_monsterinsights_sitenote_category":0},"categories":[75,77,65],"tags":[100,101,102,103,104,105],"_links":{"self":[{"href":"https:\/\/magenarquitectos.com\/en\/wp-json\/wp\/v2\/posts\/11691"}],"collection":[{"href":"https:\/\/magenarquitectos.com\/en\/wp-json\/wp\/v2\/posts"}],"about":[{"href":"https:\/\/magenarquitectos.com\/en\/wp-json\/wp\/v2\/types\/post"}],"author":[{"embeddable":true,"href":"https:\/\/magenarquitectos.com\/en\/wp-json\/wp\/v2\/users\/1"}],"replies":[{"embeddable":true,"href":"https:\/\/magenarquitectos.com\/en\/wp-json\/wp\/v2\/comments?post=11691"}],"version-history":[{"count":1,"href":"https:\/\/magenarquitectos.com\/en\/wp-json\/wp\/v2\/posts\/11691\/revisions"}],"predecessor-version":[{"id":14022,"href":"https:\/\/magenarquitectos.com\/en\/wp-json\/wp\/v2\/posts\/11691\/revisions\/14022"}],"wp:attachment":[{"href":"https:\/\/magenarquitectos.com\/en\/wp-json\/wp\/v2\/media?parent=11691"}],"wp:term":[{"taxonomy":"category","embeddable":true,"href":"https:\/\/magenarquitectos.com\/en\/wp-json\/wp\/v2\/categories?post=11691"},{"taxonomy":"post_tag","embeddable":true,"href":"https:\/\/magenarquitectos.com\/en\/wp-json\/wp\/v2\/tags?post=11691"}],"curies":[{"name":"wp","href":"https:\/\/api.w.org\/{rel}","templated":true}]}}