{"id":11693,"date":"2008-08-27T12:32:08","date_gmt":"2008-08-27T12:32:08","guid":{"rendered":"http:\/\/magenarquitectos.wordpress.com\/?p=43"},"modified":"2021-06-17T10:31:58","modified_gmt":"2021-06-17T10:31:58","slug":"la-unidad-de-montes-ocupara-un-edificio-bioclimatico-integrado-en-el-entorno-del-ebro","status":"publish","type":"post","link":"https:\/\/magenarquitectos.com\/en\/la-unidad-de-montes-ocupara-un-edificio-bioclimatico-integrado-en-el-entorno-del-ebro\/","title":{"rendered":"La Unidad de Montes ocupar\u00e1 un edificio bioclim\u00e1tico integrado en el entorno del Ebro."},"content":{"rendered":"<p><img loading=\"lazy\" class=\"alignnone size-full wp-image-44\" src=\"http:\/\/magenarquitectos.files.wordpress.com\/2008\/08\/noticias_21_1_med.jpg\" alt=\"\" width=\"250\" height=\"109\" title=\"\"><\/p>\n<p>(03\/06\/2006).- 2 de junio de 2006, 14h00<\/p>\n<p>Zaragoza.- La Unidad de Montes del Ayuntamiento ocupar\u00e1 un edificio bioclim\u00e1tico integrado en el entorno del r\u00edo Ebro<\/p>\n<p>ZARAGOZA, 2 (EUROPA PRESS)<\/p>\n<p>La Unidad de Montes del Ayuntamiento de Zaragoza ocupar\u00e1 un nuevo edificio en el entorno del r\u00edo Ebro, que se construir\u00e1 aprovechando los recursos naturales, siguiendo criterios bioclim\u00e1ticos, de eficiencia energ\u00e9tica y utilizando materiales reciclados y reciclables.<\/p>\n<p>El presupuesto total con el que se ha contado para su construcci\u00f3n asciende a 2.470.000 euros, y el plazo de ejecuci\u00f3n de las obras ser\u00e1 de 15 meses. El inmueble se levantar\u00e1 en el mismo lugar que las actuales instalaciones, en el paseo Echegaray y Caballero junto al puente de La Almozara, y se integrar\u00e1 perfectamente en el entorno de esa zona de la ciudad. Contar\u00e1 con una superficie total de 1.800 metros cuadrados.<\/p>\n<p>La concejal de Medio Ambiente del Ayuntamiento de Zaragoza, Lola Campos, explic\u00f3 esta ma\u00f1ana en la rueda de prensa de presentaci\u00f3n el proyecto, que el objetivo es el de &#8220;contar con un edificio que se encuentre en mejores condiciones que el que hay actualmente&#8221;. Campos indic\u00f3 que se trata de &#8220;hacer un dise\u00f1o de edificio sostenible bioclim\u00e1ticamente&#8221; y que tenga &#8220;todas las prescripciones medioambientales&#8221;.<br \/>\nQueremos que el edificio sea de referencia en un \u00e1rea importante junto al r\u00edo&#8221;, indic\u00f3 Lola Campos, &#8220;compatibiliz\u00e1ndolo con el plan de riberas, al que viene a enriquecer, y en conexi\u00f3n con el Centro de Documentaci\u00f3n del Agua&#8221;, as\u00ed como con &#8220;conexiones con toda la ciudad&#8221;.<\/p>\n<p>El edificio constar\u00e1 de dos plantas para aprovechar el desnivel del terreno en el que se encuentra, de cinco metros entre el paseo Echegaray y el parque de Ribera, y convertirlo en una pieza m\u00e1s del dise\u00f1o.<br \/>\nDentro de la concepci\u00f3n paisaj\u00edstica del edificio, la cubierta es una pieza fundamental. Con una superficie de unos 800 metros cuadrados, se estructurar\u00e1 como una plaza con espacios ajardinados a distintos niveles, pero relacionados entre s\u00ed mediante una suave pendiente y un grader\u00edo aterrazado, y, adem\u00e1s, ser\u00e1 transitable.<\/p>\n<p>El arquitecto Jaime Mag\u00e9n, autor del proyecto, se\u00f1al\u00f3 que &#8220;la cubierta verde se crea como nuevo espacio p\u00fablico&#8221;, que se pretende sirva &#8220;para ser vivido&#8221;. Adem\u00e1s, indic\u00f3 que el &#8220;emplazamiento del edificio tiene un valor especial a nivel urbano y paisaj\u00edstico como lugar de encuentro al final del paseo Echegaray con la plaza Europa&#8221;.<br \/>\nLa cubierta tambi\u00e9n ser\u00e1 fundamental en la tarea de ahorro de energ\u00eda. Por un lado captar\u00e1 recursos &#8211;agua en la zona ajardinada, calor en los colectores solares y electricidad en los paneles fotovoltaicos&#8211; y, por otro, se regir\u00e1, al igual que el resto del edificio, por criterios de sostenibilidad.<\/p>\n<p>En este sentido, los materiales que se utilizar\u00e1n en todas las dependencias aprovechan al m\u00e1ximo los recursos naturales, de ah\u00ed que se coloquen lamas y vidrios de protecci\u00f3n solar, materiales reciclables, maderas con certificados FSG, sistemas de ahorro pasivo gracias al correcto aislamiento t\u00e9rmico del edificio, ventilaci\u00f3n natural cruzada y sistemas de ahorro en el consumo de agua.<\/p>\n<p>Por su parte, el concejal de Equipamientos del Ayuntamiento de Zaragoza, Agust\u00edn Mart\u00edn, indic\u00f3 que se trata de un &#8220;edificio singular en las cercan\u00edas de la Expo&#8221;, que &#8220;parece un barco varado en la ribera el Ebro&#8221;. Tambi\u00e9n apunt\u00f3 que ser\u00e1 &#8220;una de las obras previas a la Expo&#8221;.<\/p>\n<p>El acceso principal al edificio se realizar\u00e1 a trav\u00e9s de un porche situado en la planta superior, la que se encuentra al nivel del paseo de Echegaray. Las oficinas, espacios administrativos de la Unidad de Montes y un Aula Medioambiental de 142 metros cuadrados se distribuir\u00e1n en esta zona. En el Aula se celebrar\u00e1n exposiciones, conferencias, reuniones y dem\u00e1s actividades que complementar\u00e1n y conectar\u00e1n con la labor que se desarrolla en el Centro de Documentaci\u00f3n del Agua y del Medio Ambiente.<br \/>\nLa planta inferior del edificio, a la que se llega desde el parque de Ribera, albergar\u00e1 los garajes, talleres, vestuarios y diversos espacios para los brigadas. Tambi\u00e9n se concibe como una prolongaci\u00f3n del paisaje que rodea al edificio, de ah\u00ed que se dise\u00f1e como un basamento macizo de cinco metros similar al existente bajo la plaza de Europa. El contraste entre este espacio robusto y de naturaleza pesada contrastar\u00e1 con la planta superior en la que los pa\u00f1os de vidrio y madera ser\u00e1n se\u00f1a de identidad y de integraci\u00f3n con el entorno.<\/p>\n<p>El nuevo edificio, dise\u00f1ado seg\u00fan criterios bioclim\u00e1ticos y de eficiencia energ\u00e9tica, ser\u00e1 la sede de la Unidad de Montes, en la que desempe\u00f1an sus labores cerca de 50 personas.<\/p>\n<p>Environmental Unit Headquarters will occupy a bioclimatic building in the surroundings of the river Ebro (Europa Press)<\/p>\n","protected":false},"excerpt":{"rendered":"<p>(03\/06\/2006).- 2 de junio de 2006, 14h00 Zaragoza.- La Unidad de Montes del Ayuntamiento ocupar\u00e1 un edificio bioclim\u00e1tico integrado en el entorno del r\u00edo Ebro ZARAGOZA, 2 (EUROPA PRESS) La Unidad de Montes del Ayuntamiento de Zaragoza ocupar\u00e1 un nuevo edificio en el entorno del r\u00edo Ebro, que se construir\u00e1 aprovechando los recursos naturales, siguiendo [&hellip;]<\/p>\n","protected":false},"author":1,"featured_media":0,"comment_status":"open","ping_status":"open","sticky":false,"template":"","format":"standard","meta":{"_monsterinsights_skip_tracking":false,"_monsterinsights_sitenote_active":false,"_monsterinsights_sitenote_note":"","_monsterinsights_sitenote_category":0},"categories":[76,77,78,65],"tags":[79,80,81,82,83,74],"_links":{"self":[{"href":"https:\/\/magenarquitectos.com\/en\/wp-json\/wp\/v2\/posts\/11693"}],"collection":[{"href":"https:\/\/magenarquitectos.com\/en\/wp-json\/wp\/v2\/posts"}],"about":[{"href":"https:\/\/magenarquitectos.com\/en\/wp-json\/wp\/v2\/types\/post"}],"author":[{"embeddable":true,"href":"https:\/\/magenarquitectos.com\/en\/wp-json\/wp\/v2\/users\/1"}],"replies":[{"embeddable":true,"href":"https:\/\/magenarquitectos.com\/en\/wp-json\/wp\/v2\/comments?post=11693"}],"version-history":[{"count":1,"href":"https:\/\/magenarquitectos.com\/en\/wp-json\/wp\/v2\/posts\/11693\/revisions"}],"predecessor-version":[{"id":14020,"href":"https:\/\/magenarquitectos.com\/en\/wp-json\/wp\/v2\/posts\/11693\/revisions\/14020"}],"wp:attachment":[{"href":"https:\/\/magenarquitectos.com\/en\/wp-json\/wp\/v2\/media?parent=11693"}],"wp:term":[{"taxonomy":"category","embeddable":true,"href":"https:\/\/magenarquitectos.com\/en\/wp-json\/wp\/v2\/categories?post=11693"},{"taxonomy":"post_tag","embeddable":true,"href":"https:\/\/magenarquitectos.com\/en\/wp-json\/wp\/v2\/tags?post=11693"}],"curies":[{"name":"wp","href":"https:\/\/api.w.org\/{rel}","templated":true}]}}