{"id":11694,"date":"2008-08-27T12:33:32","date_gmt":"2008-08-27T12:33:32","guid":{"rendered":"http:\/\/magenarquitectos.wordpress.com\/?p=46"},"modified":"2021-06-17T10:31:57","modified_gmt":"2021-06-17T10:31:57","slug":"finalizadas-las-obras-del-edificio-de-68-viviendas-de-proteccion-oficial-en-zaragoza","status":"publish","type":"post","link":"https:\/\/magenarquitectos.com\/en\/finalizadas-las-obras-del-edificio-de-68-viviendas-de-proteccion-oficial-en-zaragoza\/","title":{"rendered":"Finalizadas las obras del Edificio de 68 Viviendas de Protecci\u00f3n Oficial en Zaragoza"},"content":{"rendered":"<p><img loading=\"lazy\" class=\"alignnone size-full wp-image-47\" src=\"http:\/\/magenarquitectos.files.wordpress.com\/2008\/08\/noticias_23_1_med.jpg\" alt=\"\" width=\"168\" height=\"250\" title=\"\"><\/p>\n<p>(14\/06\/2006).- Las obras de construcci\u00f3n del Edificio de 68 viviendas VPA, garajes y trasteros en la calle Biescas de Zaragoza han finalizado. El edificio, promovido por la Sociedad Municipal de Rehabilitaci\u00f3n Urbana de Zaragoza, alberga 34 viviendas de 3 dormitorios (70 m2), 24 de 2 dormitorios (60 m2), y 10 apartamentos de 1 dormitorio (45 m2), con una superficie total construida de 7.992 m2, m\u00e1s 1.202 m2 de urbanizaci\u00f3n<\/p>\n<p>El Proyecto desarrolla un programa residencial de 68 viviendas protegidas, garajes y trasteros, en un bloque longitudinal de 4 plantas sobre rasante y una planta de s\u00f3tano, escalon\u00e1ndose en tres tramos para adaptarse a la acusada pendiente del solar. El solar est\u00e1 situado en el l\u00edmite sur de la ciudad, por lo que el edificio se configura como una pieza de borde urbano que responde de manera distinta a las diferentes condiciones del entorno.<\/p>\n<p>Hacia el exterior, buscando una correcta y discreta integraci\u00f3n con las viviendas del barrio, las fachadas son masivas, construidas con ladrillo y paneles de hormig\u00f3n en planta baja. En estos planos se recortan los huecos seriados de los dormitorios de las viviendas, escalon\u00e1ndose en tres tramos. Coincidiendo con estos saltos, y con el final del bloque, se sit\u00faan los porches o umbrales de acceso, que permiten la transici\u00f3n desde la calle al espacio interior, un jard\u00edn escalonado, arbolado y orientado a sur, zona de acceso, encuentro y relaci\u00f3n.<\/p>\n<p>Hacia el sur y las vistas, sobre este espacio interior, se orientan las estancias de d\u00eda de las viviendas \u2013salones, cocinas y terrazas- configurando una galer\u00eda exterior de pa\u00f1os quebrados definidos por una poligonal. Las distintas directrices de la fachada y las posiciones variables de los paneles correderos de lamas de aluminio dotan a la fachada de movimiento y aspecto cambiante a lo largo del d\u00eda.<\/p>\n<p>Finished works in 68 Social Housing in calle Biescas, in Zaragoza.<\/p>\n","protected":false},"excerpt":{"rendered":"<p>(14\/06\/2006).- Las obras de construcci\u00f3n del Edificio de 68 viviendas VPA, garajes y trasteros en la calle Biescas de Zaragoza han finalizado. El edificio, promovido por la Sociedad Municipal de Rehabilitaci\u00f3n Urbana de Zaragoza, alberga 34 viviendas de 3 dormitorios (70 m2), 24 de 2 dormitorios (60 m2), y 10 apartamentos de 1 dormitorio (45 [&hellip;]<\/p>\n","protected":false},"author":1,"featured_media":0,"comment_status":"open","ping_status":"open","sticky":false,"template":"","format":"standard","meta":{"_monsterinsights_skip_tracking":false,"_monsterinsights_sitenote_active":false,"_monsterinsights_sitenote_note":"","_monsterinsights_sitenote_category":0},"categories":[97,95],"tags":[98,96,99,74],"_links":{"self":[{"href":"https:\/\/magenarquitectos.com\/en\/wp-json\/wp\/v2\/posts\/11694"}],"collection":[{"href":"https:\/\/magenarquitectos.com\/en\/wp-json\/wp\/v2\/posts"}],"about":[{"href":"https:\/\/magenarquitectos.com\/en\/wp-json\/wp\/v2\/types\/post"}],"author":[{"embeddable":true,"href":"https:\/\/magenarquitectos.com\/en\/wp-json\/wp\/v2\/users\/1"}],"replies":[{"embeddable":true,"href":"https:\/\/magenarquitectos.com\/en\/wp-json\/wp\/v2\/comments?post=11694"}],"version-history":[{"count":1,"href":"https:\/\/magenarquitectos.com\/en\/wp-json\/wp\/v2\/posts\/11694\/revisions"}],"predecessor-version":[{"id":14019,"href":"https:\/\/magenarquitectos.com\/en\/wp-json\/wp\/v2\/posts\/11694\/revisions\/14019"}],"wp:attachment":[{"href":"https:\/\/magenarquitectos.com\/en\/wp-json\/wp\/v2\/media?parent=11694"}],"wp:term":[{"taxonomy":"category","embeddable":true,"href":"https:\/\/magenarquitectos.com\/en\/wp-json\/wp\/v2\/categories?post=11694"},{"taxonomy":"post_tag","embeddable":true,"href":"https:\/\/magenarquitectos.com\/en\/wp-json\/wp\/v2\/tags?post=11694"}],"curies":[{"name":"wp","href":"https:\/\/api.w.org\/{rel}","templated":true}]}}