{"id":11697,"date":"2008-08-27T12:37:06","date_gmt":"2008-08-27T12:37:06","guid":{"rendered":"http:\/\/magenarquitectos.wordpress.com\/?p=55"},"modified":"2021-06-17T10:31:56","modified_gmt":"2021-06-17T10:31:56","slug":"concurso-para-equipamientos-municipales-en-el-recinto-de-san-agustin-de-zaragoza-primer-premio","status":"publish","type":"post","link":"https:\/\/magenarquitectos.com\/en\/concurso-para-equipamientos-municipales-en-el-recinto-de-san-agustin-de-zaragoza-primer-premio\/","title":{"rendered":"Concurso para Equipamientos Municipales en el Recinto de San Agust\u00edn de Zaragoza. Primer Premio"},"content":{"rendered":"<p><img loading=\"lazy\" class=\"alignnone size-full wp-image-56\" src=\"http:\/\/magenarquitectos.files.wordpress.com\/2008\/08\/noticias_26_1_med.jpg\" alt=\"\" width=\"250\" height=\"176\" title=\"\"><\/p>\n<p>(25\/09\/2006).- Mag\u00e9n Arquitectos ha obtenido el encargo para la Redacci\u00f3n del Proyecto de Equipamientos Municipales en el Recinto del Antiguo Cuartel de San Agust\u00edn en el concurso convocado por el Ayuntamiento de Zaragoza.<\/p>\n<p>El Proyecto incluye el Centro Municipal de Rehabilitaci\u00f3n, Conservaci\u00f3n y Restauraci\u00f3n del Patrimonio Cultural, un Centro C\u00edvico y Sala Polivalente-Auditorio, la Reforma y Ampliaci\u00f3n del Albergue Municipal y la ordenaci\u00f3n de los accesos y espacios exteriores en el interior del recinto.<\/p>\n<p>Proposal by Mag\u00e9n Arquitectos, 1st Prize in Competition for Cultural and Office Buildings in Old San Agustin Convent in Zaragoza.<\/p>\n","protected":false},"excerpt":{"rendered":"<p>(25\/09\/2006).- Mag\u00e9n Arquitectos ha obtenido el encargo para la Redacci\u00f3n del Proyecto de Equipamientos Municipales en el Recinto del Antiguo Cuartel de San Agust\u00edn en el concurso convocado por el Ayuntamiento de Zaragoza. El Proyecto incluye el Centro Municipal de Rehabilitaci\u00f3n, Conservaci\u00f3n y Restauraci\u00f3n del Patrimonio Cultural, un Centro C\u00edvico y Sala Polivalente-Auditorio, la Reforma [&hellip;]<\/p>\n","protected":false},"author":1,"featured_media":0,"comment_status":"open","ping_status":"open","sticky":false,"template":"","format":"standard","meta":{"_monsterinsights_skip_tracking":false,"_monsterinsights_sitenote_active":false,"_monsterinsights_sitenote_note":"","_monsterinsights_sitenote_category":0},"categories":[75,77,65,66,92],"tags":[106,107,108,109,80,93,94,110,74],"_links":{"self":[{"href":"https:\/\/magenarquitectos.com\/en\/wp-json\/wp\/v2\/posts\/11697"}],"collection":[{"href":"https:\/\/magenarquitectos.com\/en\/wp-json\/wp\/v2\/posts"}],"about":[{"href":"https:\/\/magenarquitectos.com\/en\/wp-json\/wp\/v2\/types\/post"}],"author":[{"embeddable":true,"href":"https:\/\/magenarquitectos.com\/en\/wp-json\/wp\/v2\/users\/1"}],"replies":[{"embeddable":true,"href":"https:\/\/magenarquitectos.com\/en\/wp-json\/wp\/v2\/comments?post=11697"}],"version-history":[{"count":1,"href":"https:\/\/magenarquitectos.com\/en\/wp-json\/wp\/v2\/posts\/11697\/revisions"}],"predecessor-version":[{"id":14016,"href":"https:\/\/magenarquitectos.com\/en\/wp-json\/wp\/v2\/posts\/11697\/revisions\/14016"}],"wp:attachment":[{"href":"https:\/\/magenarquitectos.com\/en\/wp-json\/wp\/v2\/media?parent=11697"}],"wp:term":[{"taxonomy":"category","embeddable":true,"href":"https:\/\/magenarquitectos.com\/en\/wp-json\/wp\/v2\/categories?post=11697"},{"taxonomy":"post_tag","embeddable":true,"href":"https:\/\/magenarquitectos.com\/en\/wp-json\/wp\/v2\/tags?post=11697"}],"curies":[{"name":"wp","href":"https:\/\/api.w.org\/{rel}","templated":true}]}}