{"id":11699,"date":"2008-08-27T12:41:55","date_gmt":"2008-08-27T12:41:55","guid":{"rendered":"http:\/\/magenarquitectos.wordpress.com\/?p=64"},"modified":"2021-06-17T10:30:49","modified_gmt":"2021-06-17T10:30:49","slug":"premio-accesibilidad-2006-para-el-edificio-de-68-vpo-en-zaragoza","status":"publish","type":"post","link":"https:\/\/magenarquitectos.com\/en\/premio-accesibilidad-2006-para-el-edificio-de-68-vpo-en-zaragoza\/","title":{"rendered":"Premio Accesibilidad 2006 para el edificio de 68 VPO en Zaragoza"},"content":{"rendered":"<p><img loading=\"lazy\" class=\"alignnone size-full wp-image-67\" src=\"http:\/\/magenarquitectos.files.wordpress.com\/2008\/08\/noticias_30_1_med.jpg\" alt=\"\" width=\"181\" height=\"250\" title=\"\"><\/p>\n<p>(01\/11\/2006).- El edificio de 68 Viviendas de Protecci\u00f3n Oficial en la Calle Biescas de Zaragoza, promovido por la Sociedad Municipal de Rehabilitaci\u00f3n Urbana, ha obtenido el Premio Accesibilidad 2006, convocado por Disminuidos F\u00edsicos de Arag\u00f3n, el Colegio Oficial de Arquitectos de Arag\u00f3n y la empresa Montecanal.<\/p>\n<p>El jurado de la convocatoria, que alcanzaba su novena edici\u00f3n, concedi\u00f3 el premio en la categor\u00eda de Obra Nueva al Edificio de 68 VPO &#8220;por aportar soluciones para la supresi\u00f3n de barreras arquitect\u00f3nicas en una parcela con dificultades y tratarse de un ejemplo para futuras actuaciones en materia de vivienda.&#8221;<\/p>\n<p>68 Social Housing in Zaragoza, by Mag\u00e9n Arquitectos, awarded with Accessibility Prize 2006.<\/p>\n","protected":false},"excerpt":{"rendered":"<p>(01\/11\/2006).- El edificio de 68 Viviendas de Protecci\u00f3n Oficial en la Calle Biescas de Zaragoza, promovido por la Sociedad Municipal de Rehabilitaci\u00f3n Urbana, ha obtenido el Premio Accesibilidad 2006, convocado por Disminuidos F\u00edsicos de Arag\u00f3n, el Colegio Oficial de Arquitectos de Arag\u00f3n y la empresa Montecanal. El jurado de la convocatoria, que alcanzaba su novena [&hellip;]<\/p>\n","protected":false},"author":1,"featured_media":0,"comment_status":"open","ping_status":"open","sticky":false,"template":"","format":"standard","meta":{"_monsterinsights_skip_tracking":false,"_monsterinsights_sitenote_active":false,"_monsterinsights_sitenote_note":"","_monsterinsights_sitenote_category":0},"categories":[113,95],"tags":[112,62,70,98,96,99,74],"_links":{"self":[{"href":"https:\/\/magenarquitectos.com\/en\/wp-json\/wp\/v2\/posts\/11699"}],"collection":[{"href":"https:\/\/magenarquitectos.com\/en\/wp-json\/wp\/v2\/posts"}],"about":[{"href":"https:\/\/magenarquitectos.com\/en\/wp-json\/wp\/v2\/types\/post"}],"author":[{"embeddable":true,"href":"https:\/\/magenarquitectos.com\/en\/wp-json\/wp\/v2\/users\/1"}],"replies":[{"embeddable":true,"href":"https:\/\/magenarquitectos.com\/en\/wp-json\/wp\/v2\/comments?post=11699"}],"version-history":[{"count":1,"href":"https:\/\/magenarquitectos.com\/en\/wp-json\/wp\/v2\/posts\/11699\/revisions"}],"predecessor-version":[{"id":14013,"href":"https:\/\/magenarquitectos.com\/en\/wp-json\/wp\/v2\/posts\/11699\/revisions\/14013"}],"wp:attachment":[{"href":"https:\/\/magenarquitectos.com\/en\/wp-json\/wp\/v2\/media?parent=11699"}],"wp:term":[{"taxonomy":"category","embeddable":true,"href":"https:\/\/magenarquitectos.com\/en\/wp-json\/wp\/v2\/categories?post=11699"},{"taxonomy":"post_tag","embeddable":true,"href":"https:\/\/magenarquitectos.com\/en\/wp-json\/wp\/v2\/tags?post=11699"}],"curies":[{"name":"wp","href":"https:\/\/api.w.org\/{rel}","templated":true}]}}