{"id":11700,"date":"2008-08-27T12:43:27","date_gmt":"2008-08-27T12:43:27","guid":{"rendered":"http:\/\/magenarquitectos.wordpress.com\/?p=69"},"modified":"2021-06-17T10:30:49","modified_gmt":"2021-06-17T10:30:49","slug":"premio-bauwelt-2007-para-magen-arquitectos","status":"publish","type":"post","link":"https:\/\/magenarquitectos.com\/en\/premio-bauwelt-2007-para-magen-arquitectos\/","title":{"rendered":"Premio BAUWELT 2007 para Mag\u00e9n Arquitectos"},"content":{"rendered":"<p><img loading=\"lazy\" class=\"alignnone size-full wp-image-71\" alt=\"\" src=\"http:\/\/magenarquitectos.files.wordpress.com\/2008\/08\/noticias_31_1_med1.jpg\" height=\"250\" width=\"192\" title=\"\"><\/p>\n<p>(21\/12\/2006).- La convocatoria internacional 2007 de los premios &#8220;Bauwelt &#8211; Das Erste Haus&#8221; que la revista alemana Bauwelt concede a las primeras obras de arquitectos europeos y de todo el mundo tiene a dos equipos espa\u00f1oles entre los galardonados: Mag\u00e9n Arquitectos son los ganadores de la categor\u00eda de Vivienda Colectiva, con el Edificio de 68 VPO de la Calle Biescas, en Zaragoza, promovido por la Sociedad Municipal de Rehabilitaci\u00f3n Urbana de Zaragoza (SMRUZ); En la categor\u00eda de Vivienda Unifamiliar,el primer premio ha correspondido al equipo Nolaster, de Madrid, con la Casa OS en Loredo, Cantabria.<\/p>\n<p>El jurado de la convocatoria estaba constituido por Wang Lu (Pek\u00edn), Petra Kahlfeldt (Berl\u00edn), Jurij Sadar (Ljubljana), Ant\u00f3n Garc\u00eda Abril (Madrid), Donatella Fioretti (Berl\u00edn), y Felix Zwoch (Bauwelt, Berl\u00edn). Entre los m\u00e1s de 200 proyectos presentados, se concedieron cinco primeros premios, uno en cada categor\u00eda, y dos acc\u00e9sit, correspondiendo a Mag\u00e9n Arquitectos el primer premio en la categor\u00eda de vivienda colectiva con el Edificio de 68 VPA de la calle Biescas.<\/p>\n<p>Los galardones en las restantes categor\u00edas han sido concedidos a tres equipos alemanes y dos suizos. El premio, que alcanza su sexta edici\u00f3n, tiene una dotaci\u00f3n econ\u00f3mica de 5.000 euros para el ganador de cada categor\u00eda<\/p>\n<p>La ceremonia de entrega de premios tendr\u00e1 lugar el 16 de Enero en el Palacio de Exposiciones de Munich, en el marco de la Feria Internacional de Construcci\u00f3n BAU 2007, que albergar\u00e1 una exposici\u00f3n con los proyectos ganadores y seleccionados del premio Bauwelt. Esta exposici\u00f3n se mostrar\u00e1 posteriormente en diez escuelas alemanas de arquitectura. Los proyectos premiados ser\u00e1n publicados en el n\u00famero de enero de la revista alemana Bauwelt.<\/p>\n<p>M\u00e1s informaci\u00f3n:<\/p>\n<p>www.baunetz.de\/db\/news\/?news_id=83189<br \/>\nwww.bauwelt.de<\/p>\n<p>68 Social Housing in Zaragoza, by Mag\u00e9n Arquitectos, awarded Bauwelt Preis 2007 in Collective Housing category.<\/p>\n<p>The jury was composed by Wang Lu (Pek\u00edn), Petra Kahlfeldt (Berl\u00edn), Jurij Sadar (Ljubljana), Ant\u00f3n Garc\u00eda Abril (Madrid), Donatella Fioretti (Berl\u00edn), y Felix Zwoch (Bauwelt, Berl\u00edn).<\/p>\n","protected":false},"excerpt":{"rendered":"<p>(21\/12\/2006).- La convocatoria internacional 2007 de los premios &#8220;Bauwelt &#8211; Das Erste Haus&#8221; que la revista alemana Bauwelt concede a las primeras obras de arquitectos europeos y de todo el mundo tiene a dos equipos espa\u00f1oles entre los galardonados: Mag\u00e9n Arquitectos son los ganadores de la categor\u00eda de Vivienda Colectiva, con el Edificio de 68 [&hellip;]<\/p>\n","protected":false},"author":1,"featured_media":0,"comment_status":"open","ping_status":"open","sticky":false,"template":"","format":"standard","meta":{"_monsterinsights_skip_tracking":false,"_monsterinsights_sitenote_active":false,"_monsterinsights_sitenote_note":"","_monsterinsights_sitenote_category":0},"categories":[113,95],"tags":[114,62,70,98,96,99,74],"_links":{"self":[{"href":"https:\/\/magenarquitectos.com\/en\/wp-json\/wp\/v2\/posts\/11700"}],"collection":[{"href":"https:\/\/magenarquitectos.com\/en\/wp-json\/wp\/v2\/posts"}],"about":[{"href":"https:\/\/magenarquitectos.com\/en\/wp-json\/wp\/v2\/types\/post"}],"author":[{"embeddable":true,"href":"https:\/\/magenarquitectos.com\/en\/wp-json\/wp\/v2\/users\/1"}],"replies":[{"embeddable":true,"href":"https:\/\/magenarquitectos.com\/en\/wp-json\/wp\/v2\/comments?post=11700"}],"version-history":[{"count":1,"href":"https:\/\/magenarquitectos.com\/en\/wp-json\/wp\/v2\/posts\/11700\/revisions"}],"predecessor-version":[{"id":14012,"href":"https:\/\/magenarquitectos.com\/en\/wp-json\/wp\/v2\/posts\/11700\/revisions\/14012"}],"wp:attachment":[{"href":"https:\/\/magenarquitectos.com\/en\/wp-json\/wp\/v2\/media?parent=11700"}],"wp:term":[{"taxonomy":"category","embeddable":true,"href":"https:\/\/magenarquitectos.com\/en\/wp-json\/wp\/v2\/categories?post=11700"},{"taxonomy":"post_tag","embeddable":true,"href":"https:\/\/magenarquitectos.com\/en\/wp-json\/wp\/v2\/tags?post=11700"}],"curies":[{"name":"wp","href":"https:\/\/api.w.org\/{rel}","templated":true}]}}