{"id":11702,"date":"2008-08-27T14:57:02","date_gmt":"2008-08-27T14:57:02","guid":{"rendered":"http:\/\/magenarquitectos.wordpress.com\/?p=76"},"modified":"2021-06-17T10:30:48","modified_gmt":"2021-06-17T10:30:48","slug":"publicado-en-bauwelt-el-edificio-de-68-viviendas-vpo-de-zaragoza","status":"publish","type":"post","link":"https:\/\/magenarquitectos.com\/en\/publicado-en-bauwelt-el-edificio-de-68-viviendas-vpo-de-zaragoza\/","title":{"rendered":"El edificio de 68 viviendas VPO de Zaragoza publicado en Bauwelt (Alemania)"},"content":{"rendered":"<p><img loading=\"lazy\" class=\"alignnone size-full wp-image-77\" src=\"http:\/\/magenarquitectos.files.wordpress.com\/2008\/08\/noticias_33_1_med.jpg\" alt=\"\" width=\"181\" height=\"250\" title=\"\"><\/p>\n<p>(22\/01\/2007).- Con motivo del Premio &#8220;Bauwelt-Das erste Haus&#8221; 2007, el edificio de 68 viviendas VPO en Zaragoza, promovido por la Sociedad Municipal de Rehabilitaci\u00f3n Urbana de Zaragoza, aparece publicado en el n\u00famero 1-2, 2007 de la revista alemana de arquitectura Bauwelt.<\/p>\n<p>68 Social Housing in Zaragoza, by Mag\u00e9n Arquitectos, published in magazine Bauwelt, n\u00ba 1-2 2007.<\/p>\n","protected":false},"excerpt":{"rendered":"<p>(22\/01\/2007).- Con motivo del Premio &#8220;Bauwelt-Das erste Haus&#8221; 2007, el edificio de 68 viviendas VPO en Zaragoza, promovido por la Sociedad Municipal de Rehabilitaci\u00f3n Urbana de Zaragoza, aparece publicado en el n\u00famero 1-2, 2007 de la revista alemana de arquitectura Bauwelt. 68 Social Housing in Zaragoza, by Mag\u00e9n Arquitectos, published in magazine Bauwelt, n\u00ba 1-2 [&hellip;]<\/p>\n","protected":false},"author":1,"featured_media":0,"comment_status":"open","ping_status":"open","sticky":false,"template":"","format":"standard","meta":{"_monsterinsights_skip_tracking":false,"_monsterinsights_sitenote_active":false,"_monsterinsights_sitenote_note":"","_monsterinsights_sitenote_category":0},"categories":[90,95],"tags":[114,89,98,96,99,74],"_links":{"self":[{"href":"https:\/\/magenarquitectos.com\/en\/wp-json\/wp\/v2\/posts\/11702"}],"collection":[{"href":"https:\/\/magenarquitectos.com\/en\/wp-json\/wp\/v2\/posts"}],"about":[{"href":"https:\/\/magenarquitectos.com\/en\/wp-json\/wp\/v2\/types\/post"}],"author":[{"embeddable":true,"href":"https:\/\/magenarquitectos.com\/en\/wp-json\/wp\/v2\/users\/1"}],"replies":[{"embeddable":true,"href":"https:\/\/magenarquitectos.com\/en\/wp-json\/wp\/v2\/comments?post=11702"}],"version-history":[{"count":1,"href":"https:\/\/magenarquitectos.com\/en\/wp-json\/wp\/v2\/posts\/11702\/revisions"}],"predecessor-version":[{"id":14010,"href":"https:\/\/magenarquitectos.com\/en\/wp-json\/wp\/v2\/posts\/11702\/revisions\/14010"}],"wp:attachment":[{"href":"https:\/\/magenarquitectos.com\/en\/wp-json\/wp\/v2\/media?parent=11702"}],"wp:term":[{"taxonomy":"category","embeddable":true,"href":"https:\/\/magenarquitectos.com\/en\/wp-json\/wp\/v2\/categories?post=11702"},{"taxonomy":"post_tag","embeddable":true,"href":"https:\/\/magenarquitectos.com\/en\/wp-json\/wp\/v2\/tags?post=11702"}],"curies":[{"name":"wp","href":"https:\/\/api.w.org\/{rel}","templated":true}]}}