{"id":11705,"date":"2008-08-27T15:02:03","date_gmt":"2008-08-27T15:02:03","guid":{"rendered":"http:\/\/magenarquitectos.wordpress.com\/?p=88"},"modified":"2021-06-17T10:30:46","modified_gmt":"2021-06-17T10:30:46","slug":"la-sede-de-la-comarca-del-bajo-martin-en-la-publicacion-sedes-comarcales-de-aragon","status":"publish","type":"post","link":"https:\/\/magenarquitectos.com\/en\/la-sede-de-la-comarca-del-bajo-martin-en-la-publicacion-sedes-comarcales-de-aragon\/","title":{"rendered":"La sede de la Comarca del Bajo Mart\u00edn, en la publicaci\u00f3n Sedes Comarcales de Arag\u00f3n"},"content":{"rendered":"<p><img loading=\"lazy\" class=\"alignnone size-full wp-image-89\" src=\"http:\/\/magenarquitectos.files.wordpress.com\/2008\/08\/noticias_41_1_med.jpg\" alt=\"\" width=\"250\" height=\"176\" title=\"\"><\/p>\n<p>(10\/05\/2007).- El Gobierno de Arag\u00f3n ha editado la publicaci\u00f3n &#8220;Sedes Comarcales de Arag\u00f3n&#8221;, que recoge los edificios y proyectos de las Sedes de las distintas comarcas, entre los que se encuentra la Nueva Sede de la Comarca del Bajo Mart\u00edn, en H\u00edjar (Teruel).<\/p>\n<p>Government of Aragon publishes the book &#8220;Aragon County Seats&#8221; including the Bajo Mart\u00edn County Seat, by Mag\u00e9n Arquitectos.<\/p>\n","protected":false},"excerpt":{"rendered":"<p>(10\/05\/2007).- El Gobierno de Arag\u00f3n ha editado la publicaci\u00f3n &#8220;Sedes Comarcales de Arag\u00f3n&#8221;, que recoge los edificios y proyectos de las Sedes de las distintas comarcas, entre los que se encuentra la Nueva Sede de la Comarca del Bajo Mart\u00edn, en H\u00edjar (Teruel). Government of Aragon publishes the book &#8220;Aragon County Seats&#8221; including the Bajo [&hellip;]<\/p>\n","protected":false},"author":1,"featured_media":0,"comment_status":"open","ping_status":"open","sticky":false,"template":"","format":"standard","meta":{"_monsterinsights_skip_tracking":false,"_monsterinsights_sitenote_active":false,"_monsterinsights_sitenote_note":"","_monsterinsights_sitenote_category":0},"categories":[77,65,90],"tags":[100,101,102,103,104,105],"_links":{"self":[{"href":"https:\/\/magenarquitectos.com\/en\/wp-json\/wp\/v2\/posts\/11705"}],"collection":[{"href":"https:\/\/magenarquitectos.com\/en\/wp-json\/wp\/v2\/posts"}],"about":[{"href":"https:\/\/magenarquitectos.com\/en\/wp-json\/wp\/v2\/types\/post"}],"author":[{"embeddable":true,"href":"https:\/\/magenarquitectos.com\/en\/wp-json\/wp\/v2\/users\/1"}],"replies":[{"embeddable":true,"href":"https:\/\/magenarquitectos.com\/en\/wp-json\/wp\/v2\/comments?post=11705"}],"version-history":[{"count":1,"href":"https:\/\/magenarquitectos.com\/en\/wp-json\/wp\/v2\/posts\/11705\/revisions"}],"predecessor-version":[{"id":14006,"href":"https:\/\/magenarquitectos.com\/en\/wp-json\/wp\/v2\/posts\/11705\/revisions\/14006"}],"wp:attachment":[{"href":"https:\/\/magenarquitectos.com\/en\/wp-json\/wp\/v2\/media?parent=11705"}],"wp:term":[{"taxonomy":"category","embeddable":true,"href":"https:\/\/magenarquitectos.com\/en\/wp-json\/wp\/v2\/categories?post=11705"},{"taxonomy":"post_tag","embeddable":true,"href":"https:\/\/magenarquitectos.com\/en\/wp-json\/wp\/v2\/tags?post=11705"}],"curies":[{"name":"wp","href":"https:\/\/api.w.org\/{rel}","templated":true}]}}