{"id":11706,"date":"2008-08-27T15:03:08","date_gmt":"2008-08-27T15:03:08","guid":{"rendered":"http:\/\/magenarquitectos.wordpress.com\/?p=91"},"modified":"2021-06-17T10:30:46","modified_gmt":"2021-06-17T10:30:46","slug":"el-edificio-de-68-viviendas-vpo-en-zaragoza-en-via-construccion","status":"publish","type":"post","link":"https:\/\/magenarquitectos.com\/en\/el-edificio-de-68-viviendas-vpo-en-zaragoza-en-via-construccion\/","title":{"rendered":"El edificio de 68 viviendas VPO en Zaragoza publicado en V\u00eda Construcci\u00f3n"},"content":{"rendered":"<p><img loading=\"lazy\" class=\"alignnone size-full wp-image-92\" src=\"http:\/\/magenarquitectos.files.wordpress.com\/2008\/08\/noticias_42_1_med.jpg\" alt=\"\" width=\"250\" height=\"82\" title=\"\"><\/p>\n<p>(20\/06\/2007).- El Edificio de 68 Viviendas de Protecci\u00f3n Oficial en Zaragoza, promovido por la Sociedad Municipal de Rehabilitaci\u00f3n Urbana de Zaragoza, publicado en el n\u00famero 45 de la Revista V\u00eda Construcci\u00f3n, de Junio de 2007.<\/p>\n<p>68 Social Housing in Zaragoza by Mag\u00e9n Arquitectos published in the magazine V\u00eda Construcci\u00f3n, issue 45.<\/p>\n","protected":false},"excerpt":{"rendered":"<p>(20\/06\/2007).- El Edificio de 68 Viviendas de Protecci\u00f3n Oficial en Zaragoza, promovido por la Sociedad Municipal de Rehabilitaci\u00f3n Urbana de Zaragoza, publicado en el n\u00famero 45 de la Revista V\u00eda Construcci\u00f3n, de Junio de 2007. 68 Social Housing in Zaragoza by Mag\u00e9n Arquitectos published in the magazine V\u00eda Construcci\u00f3n, issue 45.<\/p>\n","protected":false},"author":1,"featured_media":0,"comment_status":"open","ping_status":"open","sticky":false,"template":"","format":"standard","meta":{"_monsterinsights_skip_tracking":false,"_monsterinsights_sitenote_active":false,"_monsterinsights_sitenote_note":"","_monsterinsights_sitenote_category":0},"categories":[90,95],"tags":[87,89,98,96,99,74],"_links":{"self":[{"href":"https:\/\/magenarquitectos.com\/en\/wp-json\/wp\/v2\/posts\/11706"}],"collection":[{"href":"https:\/\/magenarquitectos.com\/en\/wp-json\/wp\/v2\/posts"}],"about":[{"href":"https:\/\/magenarquitectos.com\/en\/wp-json\/wp\/v2\/types\/post"}],"author":[{"embeddable":true,"href":"https:\/\/magenarquitectos.com\/en\/wp-json\/wp\/v2\/users\/1"}],"replies":[{"embeddable":true,"href":"https:\/\/magenarquitectos.com\/en\/wp-json\/wp\/v2\/comments?post=11706"}],"version-history":[{"count":1,"href":"https:\/\/magenarquitectos.com\/en\/wp-json\/wp\/v2\/posts\/11706\/revisions"}],"predecessor-version":[{"id":14005,"href":"https:\/\/magenarquitectos.com\/en\/wp-json\/wp\/v2\/posts\/11706\/revisions\/14005"}],"wp:attachment":[{"href":"https:\/\/magenarquitectos.com\/en\/wp-json\/wp\/v2\/media?parent=11706"}],"wp:term":[{"taxonomy":"category","embeddable":true,"href":"https:\/\/magenarquitectos.com\/en\/wp-json\/wp\/v2\/categories?post=11706"},{"taxonomy":"post_tag","embeddable":true,"href":"https:\/\/magenarquitectos.com\/en\/wp-json\/wp\/v2\/tags?post=11706"}],"curies":[{"name":"wp","href":"https:\/\/api.w.org\/{rel}","templated":true}]}}