{"id":11709,"date":"2008-08-27T15:07:48","date_gmt":"2008-08-27T15:07:48","guid":{"rendered":"http:\/\/magenarquitectos.wordpress.com\/?p=101"},"modified":"2021-06-17T10:30:45","modified_gmt":"2021-06-17T10:30:45","slug":"premio-de-arquitectura-garcia-mercadal-xxii%c2%aa-edicion-accesit","status":"publish","type":"post","link":"https:\/\/magenarquitectos.com\/en\/premio-de-arquitectura-garcia-mercadal-xxii%c2%aa-edicion-accesit\/","title":{"rendered":"Premio de Arquitectura Garc\u00eda Mercadal XXII\u00aa edici\u00f3n. Acc\u00e9sit"},"content":{"rendered":"<p><img loading=\"lazy\" class=\"alignnone size-full wp-image-102\" src=\"http:\/\/magenarquitectos.files.wordpress.com\/2008\/08\/noticias_45_1_med.jpg\" alt=\"\" width=\"250\" height=\"200\" title=\"\"><\/p>\n<p>(26\/09\/2007).- El Edificio de Viviendas de Protecci\u00f3n Oficial de la calle Biescas, en Zaragoza, ha obtenido un Acc\u00e9sit en la XXII\u00aa edici\u00f3n del Premio de Arquitectura &#8220;Garc\u00eda Mercadal&#8221; del Colegio Oficial de Arquitectos de Arag\u00f3n.<\/p>\n<p>68 Social Housing in calle Biescas, Zaragoza, receives a Mention in XXII Prize of Aragon Institute of Architects &#8220;Fernando Garc\u00eda Mercadal&#8221;.<\/p>\n","protected":false},"excerpt":{"rendered":"<p>(26\/09\/2007).- El Edificio de Viviendas de Protecci\u00f3n Oficial de la calle Biescas, en Zaragoza, ha obtenido un Acc\u00e9sit en la XXII\u00aa edici\u00f3n del Premio de Arquitectura &#8220;Garc\u00eda Mercadal&#8221; del Colegio Oficial de Arquitectos de Arag\u00f3n. 68 Social Housing in calle Biescas, Zaragoza, receives a Mention in XXII Prize of Aragon Institute of Architects &#8220;Fernando Garc\u00eda [&hellip;]<\/p>\n","protected":false},"author":1,"featured_media":0,"comment_status":"open","ping_status":"open","sticky":false,"template":"","format":"standard","meta":{"_monsterinsights_skip_tracking":false,"_monsterinsights_sitenote_active":false,"_monsterinsights_sitenote_note":"","_monsterinsights_sitenote_category":0},"categories":[113,95],"tags":[62,70,98,96,99,74],"_links":{"self":[{"href":"https:\/\/magenarquitectos.com\/en\/wp-json\/wp\/v2\/posts\/11709"}],"collection":[{"href":"https:\/\/magenarquitectos.com\/en\/wp-json\/wp\/v2\/posts"}],"about":[{"href":"https:\/\/magenarquitectos.com\/en\/wp-json\/wp\/v2\/types\/post"}],"author":[{"embeddable":true,"href":"https:\/\/magenarquitectos.com\/en\/wp-json\/wp\/v2\/users\/1"}],"replies":[{"embeddable":true,"href":"https:\/\/magenarquitectos.com\/en\/wp-json\/wp\/v2\/comments?post=11709"}],"version-history":[{"count":1,"href":"https:\/\/magenarquitectos.com\/en\/wp-json\/wp\/v2\/posts\/11709\/revisions"}],"predecessor-version":[{"id":14002,"href":"https:\/\/magenarquitectos.com\/en\/wp-json\/wp\/v2\/posts\/11709\/revisions\/14002"}],"wp:attachment":[{"href":"https:\/\/magenarquitectos.com\/en\/wp-json\/wp\/v2\/media?parent=11709"}],"wp:term":[{"taxonomy":"category","embeddable":true,"href":"https:\/\/magenarquitectos.com\/en\/wp-json\/wp\/v2\/categories?post=11709"},{"taxonomy":"post_tag","embeddable":true,"href":"https:\/\/magenarquitectos.com\/en\/wp-json\/wp\/v2\/tags?post=11709"}],"curies":[{"name":"wp","href":"https:\/\/api.w.org\/{rel}","templated":true}]}}